{"id":1833,"date":"2022-03-15T09:26:51","date_gmt":"2022-03-15T09:26:51","guid":{"rendered":"http:\/\/aistimaa.fi\/blog\/?p=1833"},"modified":"2022-03-29T15:01:13","modified_gmt":"2022-03-29T15:01:13","slug":"omaleimaisuuden-vartijat","status":"publish","type":"post","link":"https:\/\/aistimaa.fi\/blog\/omaleimaisuuden-vartijat\/","title":{"rendered":"Omaleimaisuuden vartijat"},"content":{"rendered":"\n<p>Yksil\u00f6llisyys ja oman identiteetin korostaminen ovat nykyisess\u00e4 yhdenmukaistuvassa ja samankaltaistuvassa maailmassa kaupunkien vahvimpia vetovoimatekij\u00f6it\u00e4 ja se tiedet\u00e4\u00e4n my\u00f6s kaupunkimarkkinoinnissa. T\u00e4m\u00e4n vuoksi melkoinen joukko suomalaisia kaupunkeja kuvaa itse\u00e4\u00e4n omaleimaiseksi. Esimerkiksi <a rel=\"noreferrer noopener\" href=\"https:\/\/www.uuttahelsinkia.fi\/fi\/kaupunkiuudistus\" target=\"_blank\">Helsinki<\/a>, <a rel=\"noreferrer noopener\" href=\"https:\/\/www.tampere.fi\/tiedostot\/k\/PnUq0MOTb\/Tampereen_kaupungin_kulttuuristrategia_2030.pdf\" target=\"_blank\">Tampere<\/a>, <a rel=\"noreferrer noopener\" href=\"https:\/\/kerrokantasi.turku.fi\/kulttuurilupaus\/yRQrWZt3BBDdV9grqySi744yq9VA8IC6?headless=false\" target=\"_blank\">Turku<\/a>, <a rel=\"noreferrer noopener\" href=\"https:\/\/www.ouka.fi\/uudistuva-oulu\" target=\"_blank\">Oulu<\/a>, <a rel=\"noreferrer noopener\" href=\"https:\/\/www.hyvinkaa.fi\/kaupunki-ja-hallinto\/karkihankkeet\/omaleimainen-kulttuuri--ja-liikuntakaupunki\/\" target=\"_blank\">Hyvink\u00e4\u00e4<\/a>, <a rel=\"noreferrer noopener\" href=\"https:\/\/www.hamina.fi\/asukkaalle\/ajankohtaista\/onko-kotikaupunkisi-hamina-vetovoimainen-enta-onko-se-imagoltaan-virea-turvallinen-tai-omaleimainen\/\" target=\"_blank\">Hamina<\/a>, <a rel=\"noreferrer noopener\" href=\"https:\/\/www.visitrauma.fi\/hyva-tietaa\/rauman-seutu\/\" target=\"_blank\">Rauma<\/a>, <a rel=\"noreferrer noopener\" href=\"https:\/\/www.kajaani.fi\/\" target=\"_blank\">Kajaani<\/a>, <a href=\"https:\/\/www.tornio.fi\/asuminen-ja-ymparisto\/kaavoitus-ja-mittaus\/\" target=\"_blank\" rel=\"noreferrer noopener\">Tornio<\/a> ja <a rel=\"noreferrer noopener\" href=\"https:\/\/www.sttinfo.fi\/tiedote\/savonlinna-suunnittelee-kansallinen-kaupunkipuisto--statuksen-hakemista-ymparistoministeriolta?publisherId=59898475&amp;releaseId=69844043\" target=\"_blank\">Savonlinna<\/a> markkinoivat kaikki kaupunkiaan muista erottuvalla kulttuurilla, rakennetulla ymp\u00e4rist\u00f6ll\u00e4 ja omaleimaisuudella.<\/p>\n\n\n\n<figure class=\"wp-block-image size-full\"><img loading=\"lazy\" decoding=\"async\" width=\"2560\" height=\"1776\" src=\"http:\/\/aistimaa.fi\/blog\/wp-content\/uploads\/2022\/03\/omaleimaiset_kaupungit3-scaled.jpg\" alt=\"\" class=\"wp-image-1835\" srcset=\"https:\/\/aistimaa.fi\/blog\/wp-content\/uploads\/2022\/03\/omaleimaiset_kaupungit3-scaled.jpg 2560w, https:\/\/aistimaa.fi\/blog\/wp-content\/uploads\/2022\/03\/omaleimaiset_kaupungit3-300x208.jpg 300w, https:\/\/aistimaa.fi\/blog\/wp-content\/uploads\/2022\/03\/omaleimaiset_kaupungit3-1024x710.jpg 1024w, https:\/\/aistimaa.fi\/blog\/wp-content\/uploads\/2022\/03\/omaleimaiset_kaupungit3-768x533.jpg 768w, https:\/\/aistimaa.fi\/blog\/wp-content\/uploads\/2022\/03\/omaleimaiset_kaupungit3-1536x1066.jpg 1536w, https:\/\/aistimaa.fi\/blog\/wp-content\/uploads\/2022\/03\/omaleimaiset_kaupungit3-2048x1421.jpg 2048w\" sizes=\"auto, (max-width: 2560px) 100vw, 2560px\" \/><figcaption><em>Kuva 1. \u201dOmaleimaisuus\u201d kuuluu huomattavan monen suomalaisen kaupungin markkinointisanastoon<\/em><\/figcaption><\/figure>\n\n\n\n<p>Omaleimaisuuden korostaminen ei ole mik\u00e4\u00e4n ihme. Kuntaliiton julkaisemassa <a rel=\"noreferrer noopener\" href=\"https:\/\/www.kuntaliitto.fi\/tilastot-ja-julkaisut\/verkko-oppaat\/rakennusjarjestyksen-laatimiseen\/3-paikallisuus-ja-omaleimaisuus-rakennusjarjestyksessa\" target=\"_blank\">seutukaupunkien vetovoimatutkimuksessa<\/a> mainitaan, ett\u00e4 kohteen erottautuminen muista on maineen rakentumisen keskeinen ulottuvuus. Kaupungissa on oltava jotain omaleimaista, joka erottaa sen muista alueista. Monia pehme\u00e4lt\u00e4 vetovoimaltaan vahvoja kaupunkeja yhdist\u00e4v\u00e4t joko ainutkertainen historiallinen kaupunkikuva ja\/tai erottuvat matkailulliset aspektit ja sen kautta muodostuva maine. Tutkimuksessa todetaan my\u00f6s, ett\u00e4 omaleimaisuus ei synny hetkess\u00e4 ja rakentamalla nopeasti tai jotakin erikoista.&nbsp;  Parhaimmillaan omaleimaisuus erottaa kunnan massasta yhdell\u00e4 vilkaisulla. Suomen <a rel=\"noreferrer noopener\" href=\"https:\/\/kotiseutuliitto.fi\/blogi\/paikan-henki-on-mainetekija\/\" target=\"_blank\">kotiseutuliiton blogissa<\/a> ollaan samaa mielt\u00e4 ja todetaan, ett\u00e4 kulttuuriymp\u00e4rist\u00f6jen merkityst\u00e4 elinvoimalle ei tunnisteta ja vain omaleimaisuudella erottuu muista.<\/p>\n\n\n\n<h2 class=\"wp-block-heading\">&nbsp;<\/h2>\n\n\n\n<h2 class=\"wp-block-heading\"><strong>Rakennusfirmat ja omaleimaisuus<\/strong><strong><\/strong><\/h2>\n\n\n\n<p>Rakennusfirmat k\u00e4ytt\u00e4v\u00e4t my\u00f6s mielell\u00e4\u00e4n kyseist\u00e4 muotisanaa omien kohteidensa kuvailemiseen. <a rel=\"noreferrer noopener\" href=\"https:\/\/www.yit.fi\/asunnot\/myytavat-asunnot\/vantaa\/leinela\/vantaan-helokki\" target=\"_blank\">YIT<\/a> kuvailee Vantaan Leinel\u00e4n Helokkia <em>omaleimaisena<\/em> taidekaupunginosana. <a rel=\"noreferrer noopener\" href=\"https:\/\/www.hartela.fi\/fi\/asunnot\/vantaa\/myyrmaki\/asunto-oy-vantaan-myyrin-terra\/\" target=\"_blank\">Hartela<\/a> taasen markkinoi Myyrin Terraa mainitsemalla, ett\u00e4 <em>omaleimaista <\/em>kaupunkikeskusta haetaan rakennusten arkkitehtuuriin panostamalla. <a rel=\"noreferrer noopener\" href=\"https:\/\/www.ncc.fi\/media\/pressrelease-container\/edb4cd2bba6fc6be\/\" target=\"_blank\">NCC<\/a>:n mukaan Fredriksbergin <em>omaleimainen<\/em>, Konepajan kortteliin t\u00e4ydellisesti sopiva rouhea arkkitehtuuri n\u00e4kyy julkisivussa, <a rel=\"noreferrer noopener\" href=\"https:\/\/kodit.skanska.fi\/taloyhtiot\/espoo\/finnoo\/espoon-reimari\/\" target=\"_blank\">Skanska<\/a> mainitsee Espoon Reimarin <em>omaleimaisena <\/em>asuinalueena, <a rel=\"noreferrer noopener\" href=\"https:\/\/news.cision.com\/fi\/srv-yhtiot-oyj\/r\/tikkurilan-viidennen-myynti-kaynnistyy---keskustakorttelihanke-etenee,c3323380\" target=\"_blank\">SRV<\/a> kehuu kuinka rohkea arkkitehtuuri antaa kohteelle <em>omaleimaista <\/em>ilmett\u00e4 ja <a rel=\"noreferrer noopener\" href=\"https:\/\/beta.hartela.fi\/vuosikertomus2018\/hartela-etela-suomi-oy\/\" target=\"_blank\">Hartela<\/a> esittelee J\u00e4tk\u00e4saareen sijoittuvaa kohdettaan Helsingin kantakaupungin <em>omaleimaisena <\/em>jatkeena.<\/p>\n\n\n\n<figure class=\"wp-block-image size-full\"><img loading=\"lazy\" decoding=\"async\" width=\"2076\" height=\"2560\" src=\"http:\/\/aistimaa.fi\/blog\/wp-content\/uploads\/2022\/03\/ol_rakennusfirmat-scaled.jpg\" alt=\"\" class=\"wp-image-1836\" srcset=\"https:\/\/aistimaa.fi\/blog\/wp-content\/uploads\/2022\/03\/ol_rakennusfirmat-scaled.jpg 2076w, https:\/\/aistimaa.fi\/blog\/wp-content\/uploads\/2022\/03\/ol_rakennusfirmat-243x300.jpg 243w, https:\/\/aistimaa.fi\/blog\/wp-content\/uploads\/2022\/03\/ol_rakennusfirmat-830x1024.jpg 830w, https:\/\/aistimaa.fi\/blog\/wp-content\/uploads\/2022\/03\/ol_rakennusfirmat-768x947.jpg 768w, https:\/\/aistimaa.fi\/blog\/wp-content\/uploads\/2022\/03\/ol_rakennusfirmat-1245x1536.jpg 1245w, https:\/\/aistimaa.fi\/blog\/wp-content\/uploads\/2022\/03\/ol_rakennusfirmat-1661x2048.jpg 1661w\" sizes=\"auto, (max-width: 2076px) 100vw, 2076px\" \/><figcaption><em>Kuvat 2-7. Havainnekuvia (ja yksi valokuva) rakennusyhti\u00f6iden omaleimaisista kohteista<\/em><\/figcaption><\/figure>\n\n\n\n<p>Edell\u00e4 mainitut kohteet eiv\u00e4t tosin n\u00e4yt\u00e4 \u00ad\u00ad\u2013 ainakaan minun silm\u00e4\u00e4ni \u2013 erityisen omaleimaisilta. Kaikki rakennukset vaikuttaisivat pohjautuvan samaan nykytyyliin, mik\u00e4 ilmenee tasakattoisina, koristeettomina, lasi- ja betonipintaisina, ter\u00e4v\u00e4kulmaisina asuntokokoelmina, jotka eiv\u00e4t juuri poikkea toisistaan. Rakennusten omaleimaisuus tuntuukin j\u00e4\u00e4v\u00e4n usein markkinointipuheiden varaan.<\/p>\n\n\n\n<p>Osa n\u00e4iden kohteiden olemassa olevista ymp\u00e4rist\u00f6ist\u00e4 on toki hienoja paikkoja \u2013 niin maisemallisilta kuin my\u00f6s ymp\u00e4rist\u00f6llisilt\u00e4 arvoiltaan toisistaan poikkeavia ja oikeasti omaleimaisia \u2013 ennen kuin niiden p\u00e4\u00e4lle istutetaan samantyyppisi\u00e4 rakenteita, jotka eiv\u00e4t valitettavasti korosta paikan ainutlaatuisuutta. Pahimmassa tapauksessa ne j\u00e4tt\u00e4v\u00e4t t\u00e4ysin huomioimatta paikan ominaispiirteet ja mit\u00e4t\u00f6iv\u00e4t sen omaleimaisuuden potentiaalin, joka paikalla on ollut.<\/p>\n\n\n\n<h2 class=\"wp-block-heading\"><br><strong>Porvoon omaleimaisuus<\/strong><strong><\/strong><\/h2>\n\n\n\n<p>My\u00f6s Porvoo vetoaa kaupungin omaleimaisuuteen. Se on nostanut k\u00e4sitteen per\u00e4ti yhdeksi strategian tukipilareista. Strategialuonnoksen mukaan Porvoo tavoittelee suosituimman kotikaupungin titteli\u00e4 mm. <em>omaleimaiseen <\/em>porvoolaiseen ymp\u00e4rist\u00f6\u00f6n sovitetulla uudisrakentamisella. Strategialuonnokseen on lis\u00e4ksi kirjattu, ett\u00e4 aidosta, <em>omaleimaisesta<\/em>, el\u00e4v\u00e4st\u00e4, ihmisen kokoisesta kaupungista on helppo olla ylpe\u00e4. Julkisuudessa k\u00e4yt\u00e4viss\u00e4 keskusteluissa omaleimaisuutta siis arvostetaan ja Porvoon omaleimaisuuden s\u00e4ilytt\u00e4misen t\u00e4rkeydest\u00e4 tuntuu vallitsevan laaja konsensus. Omaleimaisuutta pidet\u00e4\u00e4n yleisesti ottaen yhten\u00e4 kaupunkimme t\u00e4rkeimmist\u00e4 vetovoimatekij\u00f6ist\u00e4.&nbsp;<\/p>\n\n\n\n<p>Asia tuntuu kuitenkin unohtuvan harmittavan usein kaavoituksessa. Uudet rakennussuunnitelmat hyv\u00e4ksyt\u00e4\u00e4n suuremmin mukisematta, vaikka suunnitelmissa esitetty rakentaminen olisi kaukana omaleimaiseen porvoolaiseen ymp\u00e4rist\u00f6\u00f6n sopivasta. V\u00e4lill\u00e4 hyv\u00e4ksytt\u00e4v\u00e4ksi tuodaan sellaisia ehdotuksia, jotka suorastaan mit\u00e4t\u00f6iv\u00e4t ja latistavat kaupunkimme omaleimaista br\u00e4ndi\u00e4.<\/p>\n\n\n\n<p>Rakennusyhti\u00f6t tarjoavat Porvooseen samanlaista bulkkia, mit\u00e4 nousee jatkuvalla sy\u00f6t\u00f6ll\u00e4 joka puolelle Suomea. Meillekin on viime aikoina \u2013 p\u00e4\u00e4tt\u00e4jien hyv\u00e4ksymien kaavojen mahdollistamana \u2013 rantautunut samanlainen elementtirakentamisen kulttuuri, joka on jo yhdenmukaistanut kovin monen suomalaisen kaupungin kaupunkikuvaa. Jos katsotaan, millaisia rakennuspalikoita on nousemassa esimerkiksi <a href=\"http:\/\/aistimaa.fi\/blog\/aleksanterinkadun-itapaate\/\" target=\"_blank\" rel=\"noreferrer noopener\">Aleksanterinkadun it\u00e4p\u00e4\u00e4h\u00e4n<\/a> tai <a href=\"http:\/\/aistimaa.fi\/blog\/laatikoita-lansivaylalle\/\" target=\"_blank\" rel=\"noreferrer noopener\">Porvoonporttiin<\/a>, niin voidaanko todella olla sit\u00e4 milt\u00e4, ett\u00e4 ne vahvistavat Porvoon identiteetti\u00e4 ja tukevat Porvoon omaleimaisuutta?<\/p>\n\n\n\n<figure class=\"wp-block-image size-full\"><img loading=\"lazy\" decoding=\"async\" width=\"1785\" height=\"2560\" src=\"http:\/\/aistimaa.fi\/blog\/wp-content\/uploads\/2022\/03\/omaleimaiset_porvoo-scaled.jpg\" alt=\"\" class=\"wp-image-1838\" srcset=\"https:\/\/aistimaa.fi\/blog\/wp-content\/uploads\/2022\/03\/omaleimaiset_porvoo-scaled.jpg 1785w, https:\/\/aistimaa.fi\/blog\/wp-content\/uploads\/2022\/03\/omaleimaiset_porvoo-209x300.jpg 209w, https:\/\/aistimaa.fi\/blog\/wp-content\/uploads\/2022\/03\/omaleimaiset_porvoo-714x1024.jpg 714w, https:\/\/aistimaa.fi\/blog\/wp-content\/uploads\/2022\/03\/omaleimaiset_porvoo-768x1101.jpg 768w, https:\/\/aistimaa.fi\/blog\/wp-content\/uploads\/2022\/03\/omaleimaiset_porvoo-1071x1536.jpg 1071w, https:\/\/aistimaa.fi\/blog\/wp-content\/uploads\/2022\/03\/omaleimaiset_porvoo-1428x2048.jpg 1428w\" sizes=\"auto, (max-width: 1785px) 100vw, 1785px\" \/><figcaption><em>Kuvat 8-9. T\u00e4lt\u00e4k\u00f6 n\u00e4ytt\u00e4\u00e4 omaleimainen Porvoo?<\/em><\/figcaption><\/figure>\n\n\n\n<p>Omaleimaisuus tarkoittaa sit\u00e4, ett\u00e4 Porvoo erottuu muista eik\u00e4 kaupungistamme muokkaudu pikkuhiljaa massataajamaa, joka on kadottanut omat juurensa ja mit\u00e4t\u00f6inyt omat vahvuutensa. Sen vuoksi olisi eritt\u00e4in t\u00e4rke\u00e4\u00e4, ett\u00e4 kaavoituksessa huomioidaan my\u00f6s tyyliseikat.<\/p>\n\n\n\n<p>Meill\u00e4 on useita mahdollisuuksia kehitt\u00e4\u00e4 kaupunkia omaleimaisena. Omaleimaisuuden vaaliminen ei suinkaan tarkoita sit\u00e4, ett\u00e4 kaiken pit\u00e4isi n\u00e4ytt\u00e4\u00e4 samalta kuin vanhassa kaupungissa. Kaupunkia voidaan kehitt\u00e4\u00e4 my\u00f6s moderneilla ratkaisuilla. Uudisrakentamisen sijoittamisessa, mittakaavassa ja tyyliss\u00e4 tulisi kuitenkin huomioida ymp\u00e4r\u00f6iv\u00e4 rakennuskanta, eik\u00e4 uuden rakentamisen saisi alistaa tai mit\u00e4t\u00f6id\u00e4 olemassa olevan ymp\u00e4rist\u00f6n arvoa. Jotta kykenisimme s\u00e4ilytt\u00e4m\u00e4\u00e4n vahvuutemme tulisi uusien rakennusten solahtaa olemassa olevaan kaupunkirakenteeseen kitkatta ja sopusoinnussa vanhaan n\u00e4hden.<\/p>\n\n\n\n<p>Jotkut viime aikoina hyv\u00e4ksytyist\u00e4 kaavoista ja niille nousevista rakennuksista valitettavasti kuitenkin pist\u00e4v\u00e4t silm\u00e4\u00e4n, kuin finni nen\u00e4np\u00e4\u00e4ss\u00e4. Ne luovat melkoisen kontrastin olemassa olevaan ymp\u00e4rist\u00f6\u00f6n, viilent\u00e4v\u00e4t alueen tunnelmaa ja j\u00e4tt\u00e4v\u00e4t ymp\u00e4r\u00f6iv\u00e4n alueen uudisrakennuksen varjoon \u00ad\u2013 vertauskuvallisesti ja usein my\u00f6s kirjaimellisesti.<\/p>\n\n\n\n<p><a href=\"https:\/\/www.lily.fi\/blogit\/aitia-vahan-vasyttaa\/ei-niin-huonoa-ettei-jotain-hyvaakin\/\"><\/a><\/p>\n\n\n\n<h2 class=\"wp-block-heading\"><br>Ei niin huonoa, ettei jotain hyv\u00e4\u00e4kin<\/h2>\n\n\n\n<p>Porvoosta l\u00f6ytyy toki my\u00f6s esimerkkej\u00e4 kaupunkiin hyvin sopivasta rakentamisesta. L\u00e4nsirannalle 2000-luvun alussa noussut moderni puukaupunki istuu sijaintiinsa hienosti. Samoin Laamanninpolulle v\u00e4h\u00e4n my\u00f6hemmin nousseet pienkerrostalot, jotka asettuvat tyylillisesti ja korkeutensa puolesta Porvoonportin korkeiden kerrostalojen ja modernin puukaupungin matalampien rivitalojen v\u00e4lille sovittaen kaksi varsin erityyppist\u00e4 aluetta yhteen. My\u00f6s kirjaston viereen, Linnakoskenkadulle rakentui my\u00f6s 2000-luvun alkupuolella mielenkiintoisia puujulkisivuisia rakennuksia, joiden monitahoisuus on ilo silm\u00e4lle.<\/p>\n\n\n\n<figure class=\"wp-block-image size-full\"><img loading=\"lazy\" decoding=\"async\" width=\"1363\" height=\"2560\" src=\"http:\/\/aistimaa.fi\/blog\/wp-content\/uploads\/2022\/03\/ol_hyva_porvoo-scaled.jpg\" alt=\"\" class=\"wp-image-1839\" srcset=\"https:\/\/aistimaa.fi\/blog\/wp-content\/uploads\/2022\/03\/ol_hyva_porvoo-scaled.jpg 1363w, https:\/\/aistimaa.fi\/blog\/wp-content\/uploads\/2022\/03\/ol_hyva_porvoo-160x300.jpg 160w, https:\/\/aistimaa.fi\/blog\/wp-content\/uploads\/2022\/03\/ol_hyva_porvoo-545x1024.jpg 545w, https:\/\/aistimaa.fi\/blog\/wp-content\/uploads\/2022\/03\/ol_hyva_porvoo-768x1442.jpg 768w, https:\/\/aistimaa.fi\/blog\/wp-content\/uploads\/2022\/03\/ol_hyva_porvoo-818x1536.jpg 818w, https:\/\/aistimaa.fi\/blog\/wp-content\/uploads\/2022\/03\/ol_hyva_porvoo-1091x2048.jpg 1091w\" sizes=\"auto, (max-width: 1363px) 100vw, 1363px\" \/><figcaption><em>Kuvat 10-12. Miten n\u00e4m\u00e4 rakennukset istuvat Porvoolaiseen maisemaan?<\/em><\/figcaption><\/figure>\n\n\n\n<p>Jos pohditaan uudempaa tuotantoa, niin P\u00e4\u00e4skypellolle on parhaillaan valmistumassa nelj\u00e4n nelikerroksisen talon kokonaisuus ja l\u00e4helle laskettelurinnett\u00e4 on juuri hyv\u00e4ksytty kaava, joka mahdollistaa v\u00e4h\u00e4n korkeampien puukerrostalojen rakentamisen. Olisiko n\u00e4iss\u00e4 sit\u00e4 Porvooseen sopivaa omaleimaisuutta?<\/p>\n\n\n\n<figure class=\"wp-block-image size-full\"><img loading=\"lazy\" decoding=\"async\" width=\"2001\" height=\"2531\" src=\"http:\/\/aistimaa.fi\/blog\/wp-content\/uploads\/2022\/03\/ol_hyva_porvoo2.jpg\" alt=\"\" class=\"wp-image-1840\" srcset=\"https:\/\/aistimaa.fi\/blog\/wp-content\/uploads\/2022\/03\/ol_hyva_porvoo2.jpg 2001w, https:\/\/aistimaa.fi\/blog\/wp-content\/uploads\/2022\/03\/ol_hyva_porvoo2-237x300.jpg 237w, https:\/\/aistimaa.fi\/blog\/wp-content\/uploads\/2022\/03\/ol_hyva_porvoo2-810x1024.jpg 810w, https:\/\/aistimaa.fi\/blog\/wp-content\/uploads\/2022\/03\/ol_hyva_porvoo2-768x971.jpg 768w, https:\/\/aistimaa.fi\/blog\/wp-content\/uploads\/2022\/03\/ol_hyva_porvoo2-1214x1536.jpg 1214w, https:\/\/aistimaa.fi\/blog\/wp-content\/uploads\/2022\/03\/ol_hyva_porvoo2-1619x2048.jpg 1619w\" sizes=\"auto, (max-width: 2001px) 100vw, 2001px\" \/><figcaption><em>Kuvat 13-14. Uudempaa tuotantoa ja visioita, jotka poikkeavat nykyrakentamisen perustyylist\u00e4<\/em><\/figcaption><\/figure>\n\n\n\n<h2 class=\"wp-block-heading\"><br><strong>Kuka saa toimia tyylipoliisina<\/strong><\/h2>\n\n\n\n<p>Monesti kysyt\u00e4\u00e4n, kenell\u00e4 on oikeus m\u00e4\u00e4ritell\u00e4 laatu, tyyli tai omaleimaisuus eli kertoa mielipiteens\u00e4 siit\u00e4, mik\u00e4 on kaupungin identiteettiin sopivaa rakentamista? Omaleimaisuutta per\u00e4\u00e4nkuuluttavien mielipide saatetaan kyseenalaistaa sanoen &#8221;mik\u00e4s sin\u00e4 olet sit\u00e4 omaleimaisuutta arvioimaan?&#8221; Keskusteluissa saatetaan my\u00f6s vedota auktoriteetteihin, viitata rakennusyhti\u00f6iden p\u00e4tev\u00e4n kuuloisiin perusteluihin tai tukeutua viranhaltijoiden n\u00e4kemykseen vetoamalla siihen ett\u00e4 \u201dkyll\u00e4 ammattilaiset n\u00e4m\u00e4 asiat varmasti tiet\u00e4v\u00e4t\u201d. Viitattaessa auktoriteetteihin ja viranhaltijoiden tiet\u00e4mykseen on kuitenkin hyv\u00e4 muistaa, ett\u00e4 kaupungissamme asuu viranhaltijoiden lis\u00e4ksi koko joukko muitakin alan asiantuntijoita (arkkitehtej\u00e4, taiteilijoita ym.), jotka ovat tuoneet julki eri\u00e4vi\u00e4 mielipiteit\u00e4 monesta kaavoitusratkaisusta ja kritisoineet monia suunnitteluratkaisuja Porvoon omaleimaisuuden turmelemisesta ja mit\u00e4t\u00f6imisest\u00e4.<\/p>\n\n\n\n<p>Kenen sanaa t\u00e4ss\u00e4 olisi uskominen? Pit\u00e4isik\u00f6 meid\u00e4n kuunnella rakennusyhti\u00f6it\u00e4, suunnittelijoita, arkkitehtiliittoa, kiinteist\u00f6v\u00e4litt\u00e4ji\u00e4, museoviranomaisia, kaupunkitutkijoita, kaavoittajia, taiteilijoita, historioitsijoita, runoilijoita, psykologeja vai mik\u00e4 olisi se oikea taho, joka kykenisi m\u00e4\u00e4rittelem\u00e4\u00e4n sen, millainen rakentaminen on omaleimaista ja sopii t\u00e4h\u00e4n kaupunkiin?<\/p>\n\n\n\n<p>Parhaita omaleimaisuuden tulkkeja lienemme kuitenkin me kaupunkilaiset itse. Omaleimaisuus on piirre, joka heijastaa ymp\u00e4rist\u00f6n poikkeuksellisuutta jostakin muusta ymp\u00e4rist\u00f6st\u00e4. Kun kyse on yksil\u00f6llisest\u00e4, persoonallisesta ja paikkaan sitoutuvasta muuttujasta, niin kukapa olisi parempi arvioimaan sit\u00e4 kuin paikalliset asukkaat, joiden elinymp\u00e4rist\u00f6\u00f6n muuttujaa verrataan.<\/p>\n\n\n\n<h2 class=\"wp-block-heading\"><br><strong>Pidet\u00e4\u00e4n kiinni omaleimaisuudestamme<\/strong><\/h2>\n\n\n\n<p>Jotta Porvoon omaleimaisuus s\u00e4ilyisi ja vahvistuisi, on syyt\u00e4 k\u00e4yd\u00e4 aktiivista vuoropuhelua kaupunkilaisten kanssa jokaisesta uudesta kaava- ja suunnitteluratkaisusta, jota kaupunkiin ollaan esitt\u00e4m\u00e4ss\u00e4. Omaleimaisuuttamme latistavia ratkaisuja ei tule hyv\u00e4ksy\u00e4 eik\u00e4 purematta niell\u00e4. Teht\u00e4vill\u00e4 valinnoilla voi olla ratkaiseva merkitys Porvoon erinomaisen maineen yll\u00e4pit\u00e4misess\u00e4 ja strategian tavoitteiden saavuttamisessa \u2013 tai vaihtoehtoisesti niiden pilaamisessa. Suojelkaamme Porvoon omaleimaisuutta strategiaan kirjattujen sanojen ohella my\u00f6s konkreettisina k\u00e4yt\u00e4nn\u00f6n tekoina ja p\u00e4\u00e4t\u00f6ksin\u00e4.<\/p>\n\n\n\n<p><\/p>\n\n\n\n<hr class=\"wp-block-separator\"\/>\n\n\n\n<h2 class=\"wp-block-heading\"><strong>L\u00e4hteet<\/strong><\/h2>\n\n\n\n<p>Kuntaliiton vetovoimatutkimus 2019, (s. 52)<br><a href=\"https:\/\/www.kuntaliitto.fi\/tilastot-ja-julkaisut\/verkko-oppaat\/rakennusjarjestyksen-laatimiseen\/3-paikallisuus-ja-omaleimaisuus-rakennusjarjestyksessa\">https:\/\/www.kuntaliitto.fi\/tilastot-ja-julkaisut\/verkko-oppaat\/rakennusjarjestyksen-laatimiseen\/3-paikallisuus-ja-omaleimaisuus-rakennusjarjestyksessa<\/a><\/p>\n\n\n\n<p>Kotiseutuliiton blogi: Paikan henki on mainetekij\u00e4<br><a href=\"https:\/\/kotiseutuliitto.fi\/blogi\/paikan-henki-on-mainetekija\/\">https:\/\/kotiseutuliitto.fi\/blogi\/paikan-henki-on-mainetekija\/<\/a><\/p>\n\n\n\n<p>Porvoon kaupunkistrategialuonnos<br><a href=\"https:\/\/www.porvoo.fi\/library\/files\/621f2a0ced6b97e673000474\/PORVOO_KAUPUNKISTRATEGIA.pdf\">https:\/\/www.porvoo.fi\/library\/files\/621f2a0ced6b97e673000474\/PORVOO_KAUPUNKISTRATEGIA.pdf<\/a><\/p>\n\n\n\n<p>Omaleimaisuudella markkinoitavia kaupunkeja<\/p>\n\n\n\n<ul class=\"wp-block-list\"><li>Helsinki<br><a href=\"https:\/\/www.uuttahelsinkia.fi\/fi\/kaupunkiuudistus\">https:\/\/www.uuttahelsinkia.fi\/fi\/kaupunkiuudistus<\/a><\/li><li>Tampere<br><a href=\"https:\/\/www.tampere.fi\/tiedostot\/k\/PnUq0MOTb\/Tampereen_kaupungin_kulttuuristrategia_2030.pdf\">https:\/\/www.tampere.fi\/tiedostot\/k\/PnUq0MOTb\/Tampereen_kaupungin_kulttuuristrategia_2030.pdf<\/a><\/li><li>Turku<br><a href=\"https:\/\/kerrokantasi.turku.fi\/kulttuurilupaus\/yRQrWZt3BBDdV9grqySi744yq9VA8IC6?headless=false\">https:\/\/kerrokantasi.turku.fi\/kulttuurilupaus\/yRQrWZt3BBDdV9grqySi744yq9VA8IC6?headless=false<\/a><\/li><li>Hyvink\u00e4\u00e4<br><a href=\"https:\/\/www.hyvinkaa.fi\/kaupunki-ja-hallinto\/karkihankkeet\/omaleimainen-kulttuuri--ja-liikuntakaupunki\/\">https:\/\/www.hyvinkaa.fi\/kaupunki-ja-hallinto\/karkihankkeet\/omaleimainen-kulttuuri&#8211;ja-liikuntakaupunki\/<\/a><\/li><li>Hamina<br><a href=\"https:\/\/www.hamina.fi\/asukkaalle\/ajankohtaista\/onko-kotikaupunkisi-hamina-vetovoimainen-enta-onko-se-imagoltaan-virea-turvallinen-tai-omaleimainen\/\">https:\/\/www.hamina.fi\/asukkaalle\/ajankohtaista\/onko-kotikaupunkisi-hamina-vetovoimainen-enta-onko-se-imagoltaan-virea-turvallinen-tai-omaleimainen\/<\/a><\/li><li>Rauma<br><a href=\"https:\/\/www.visitrauma.fi\/hyva-tietaa\/rauman-seutu\/\">https:\/\/www.visitrauma.fi\/hyva-tietaa\/rauman-seutu\/<\/a><\/li><li>Oulu<br><a href=\"https:\/\/www.ouka.fi\/uudistuva-oulu\">https:\/\/www.ouka.fi\/uudistuva-oulu<\/a><\/li><li>Savonlinna<br><a href=\"https:\/\/www.sttinfo.fi\/tiedote\/savonlinna-suunnittelee-kansallinen-kaupunkipuisto--statuksen-hakemista-ymparistoministeriolta?publisherId=59898475&amp;releaseId=69844043\">https:\/\/www.sttinfo.fi\/tiedote\/savonlinna-suunnittelee-kansallinen-kaupunkipuisto&#8211;statuksen-hakemista-ymparistoministeriolta?publisherId=59898475&amp;releaseId=69844043<\/a><\/li><li>Tornio<br><a href=\"https:\/\/www.tornio.fi\/asuminen-ja-ymparisto\/kaavoitus-ja-mittaus\/\">https:\/\/www.tornio.fi\/asuminen-ja-ymparisto\/kaavoitus-ja-mittaus\/<\/a><\/li><li>Kajaani<br><a href=\"https:\/\/www.kajaani.fi\/\" target=\"_blank\" rel=\"noreferrer noopener\">https:\/\/www.kajaani.fi\/<\/a><\/li><\/ul>\n\n\n\n<p><br>Rakennusfirmojen <em>omaleimaisia<\/em> kohteita<\/p>\n\n\n\n<ul class=\"wp-block-list\"><li>YIT, Vantaan Leinel\u00e4 (Helokki)<br><a href=\"https:\/\/www.yit.fi\/asunnot\/myytavat-asunnot\/vantaa\/leinela\/vantaan-helokki\">https:\/\/www.yit.fi\/asunnot\/myytavat-asunnot\/vantaa\/leinela\/vantaan-helokki<\/a><\/li><li>Hartela, Myyrin Terra<br><a href=\"https:\/\/www.hartela.fi\/fi\/asunnot\/vantaa\/myyrmaki\/asunto-oy-vantaan-myyrin-terra\/\">https:\/\/www.hartela.fi\/fi\/asunnot\/vantaa\/myyrmaki\/asunto-oy-vantaan-myyrin-terra\/<\/a><\/li><li>NCC, Fredriksberg<br><a href=\"https:\/\/www.ncc.fi\/media\/pressrelease-container\/edb4cd2bba6fc6be\/\">https:\/\/www.ncc.fi\/media\/pressrelease-container\/edb4cd2bba6fc6be\/<\/a><\/li><li>Skanska, Espoon Reimari<br><a href=\"https:\/\/kodit.skanska.fi\/taloyhtiot\/espoo\/finnoo\/espoon-reimari\/\">https:\/\/kodit.skanska.fi\/taloyhtiot\/espoo\/finnoo\/espoon-reimari\/<\/a><\/li><li>SRV, Tikkurilan viides<br><a href=\"https:\/\/news.cision.com\/fi\/srv-yhtiot-oyj\/r\/tikkurilan-viidennen-myynti-kaynnistyy---keskustakorttelihanke-etenee,c3323380\">https:\/\/news.cision.com\/fi\/srv-yhtiot-oyj\/r\/tikkurilan-viidennen-myynti-kaynnistyy&#8212;keskustakorttelihanke-etenee,c3323380<\/a><\/li><li>Hartela, Helsingin J\u00e4tk\u00e4saaren kolmiokortteli<br><a href=\"https:\/\/beta.hartela.fi\/vuosikertomus2018\/hartela-etela-suomi-oy\/\">https:\/\/beta.hartela.fi\/vuosikertomus2018\/hartela-etela-suomi-oy\/<\/a><\/li><\/ul>\n\n\n\n<p><br>Viitatut blogit<\/p>\n\n\n\n<ul class=\"wp-block-list\"><li>Aleksanterinkadun it\u00e4p\u00e4\u00e4te<br><a href=\"http:\/\/aistimaa.fi\/blog\/aleksanterinkadun-itapaate\/\">http:\/\/aistimaa.fi\/blog\/aleksanterinkadun-itapaate\/<\/a><\/li><li>Laatikoita l\u00e4nsiv\u00e4yl\u00e4lle<br><a href=\"http:\/\/aistimaa.fi\/blog\/laatikoita-lansivaylalle\/\">http:\/\/aistimaa.fi\/blog\/laatikoita-lansivaylalle\/<\/a><\/li><\/ul>\n","protected":false},"excerpt":{"rendered":"<p>Yksil\u00f6llisyys ja oman identiteetin korostaminen ovat nykyisess\u00e4 yhdenmukaistuvassa ja samankaltaistuvassa maailmassa kaupunkien vahvimpia vetovoimatekij\u00f6it\u00e4 ja se tiedet\u00e4\u00e4n my\u00f6s kaupunkimarkkinoinnissa. T\u00e4m\u00e4n vuoksi melkoinen joukko suomalaisia kaupunkeja kuvaa itse\u00e4\u00e4n omaleimaiseksi. Esimerkiksi Helsinki, Tampere, Turku, Oulu, Hyvink\u00e4\u00e4, Hamina, Rauma, Kajaani, Tornio ja Savonlinna markkinoivat kaikki kaupunkiaan muista erottuvalla kulttuurilla, rakennetulla ymp\u00e4rist\u00f6ll\u00e4 ja omaleimaisuudella. Omaleimaisuuden korostaminen ei ole mik\u00e4\u00e4n [&hellip;]<\/p>\n","protected":false},"author":1,"featured_media":1842,"comment_status":"open","ping_status":"open","sticky":false,"template":"","format":"standard","meta":{"_lmt_disableupdate":"","_lmt_disable":"","ocean_post_layout":"","ocean_both_sidebars_style":"","ocean_both_sidebars_content_width":0,"ocean_both_sidebars_sidebars_width":0,"ocean_sidebar":"0","ocean_second_sidebar":"0","ocean_disable_margins":"enable","ocean_add_body_class":"","ocean_shortcode_before_top_bar":"","ocean_shortcode_after_top_bar":"","ocean_shortcode_before_header":"","ocean_shortcode_after_header":"","ocean_has_shortcode":"","ocean_shortcode_after_title":"","ocean_shortcode_before_footer_widgets":"","ocean_shortcode_after_footer_widgets":"","ocean_shortcode_before_footer_bottom":"","ocean_shortcode_after_footer_bottom":"","ocean_display_top_bar":"default","ocean_display_header":"default","ocean_header_style":"","ocean_center_header_left_menu":"0","ocean_custom_header_template":"0","ocean_custom_logo":0,"ocean_custom_retina_logo":0,"ocean_custom_logo_max_width":0,"ocean_custom_logo_tablet_max_width":0,"ocean_custom_logo_mobile_max_width":0,"ocean_custom_logo_max_height":0,"ocean_custom_logo_tablet_max_height":0,"ocean_custom_logo_mobile_max_height":0,"ocean_header_custom_menu":"0","ocean_menu_typo_font_family":"0","ocean_menu_typo_font_subset":"","ocean_menu_typo_font_size":0,"ocean_menu_typo_font_size_tablet":0,"ocean_menu_typo_font_size_mobile":0,"ocean_menu_typo_font_size_unit":"px","ocean_menu_typo_font_weight":"","ocean_menu_typo_font_weight_tablet":"","ocean_menu_typo_font_weight_mobile":"","ocean_menu_typo_transform":"","ocean_menu_typo_transform_tablet":"","ocean_menu_typo_transform_mobile":"","ocean_menu_typo_line_height":0,"ocean_menu_typo_line_height_tablet":0,"ocean_menu_typo_line_height_mobile":0,"ocean_menu_typo_line_height_unit":"","ocean_menu_typo_spacing":0,"ocean_menu_typo_spacing_tablet":0,"ocean_menu_typo_spacing_mobile":0,"ocean_menu_typo_spacing_unit":"","ocean_menu_link_color":"","ocean_menu_link_color_hover":"","ocean_menu_link_color_active":"","ocean_menu_link_background":"","ocean_menu_link_hover_background":"","ocean_menu_link_active_background":"","ocean_menu_social_links_bg":"","ocean_menu_social_hover_links_bg":"","ocean_menu_social_links_color":"","ocean_menu_social_hover_links_color":"","ocean_disable_title":"default","ocean_disable_heading":"default","ocean_post_title":"PORVOON MAISEMISSA","ocean_post_subheading":"Kaupunkikehitykseen liittyvi\u00e4 ajankohtaisia n\u00e4k\u00f6kulmia","ocean_post_title_style":"","ocean_post_title_background_color":"","ocean_post_title_background":0,"ocean_post_title_bg_image_position":"","ocean_post_title_bg_image_attachment":"","ocean_post_title_bg_image_repeat":"","ocean_post_title_bg_image_size":"","ocean_post_title_height":0,"ocean_post_title_bg_overlay":0.5,"ocean_post_title_bg_overlay_color":"","ocean_disable_breadcrumbs":"default","ocean_breadcrumbs_color":"","ocean_breadcrumbs_separator_color":"","ocean_breadcrumbs_links_color":"","ocean_breadcrumbs_links_hover_color":"","ocean_display_footer_widgets":"default","ocean_display_footer_bottom":"default","ocean_custom_footer_template":"0","ocean_post_oembed":"","ocean_post_self_hosted_media":"","ocean_post_video_embed":"","ocean_link_format":"","ocean_link_format_target":"self","ocean_quote_format":"","ocean_quote_format_link":"post","ocean_gallery_link_images":"off","ocean_gallery_id":[],"footnotes":""},"categories":[138,64,65,63],"tags":[198,206,52,6,59,32,33,191,113,34,192,109,205,70,197,142,9,7],"class_list":["post-1833","post","type-post","status-publish","format-standard","has-post-thumbnail","hentry","category-historia","category-kaupunkikehitys","category-kulttuuri","category-rakennukset","tag-asemakaava","tag-brandi","tag-historia","tag-identiteetti","tag-kaavoitus","tag-kaupunkikuva","tag-kaupunkiymparisto","tag-kulttuuriperinto","tag-lahiymparisto","tag-lansiranta","tag-maine","tag-omaleimaisuus","tag-pitovoima","tag-rakennus","tag-rakennusperinto","tag-rakennustyyli","tag-vetovoima","tag-viihtyisyys","entry","has-media"],"modified_by":"Mika Varpio","_links":{"self":[{"href":"https:\/\/aistimaa.fi\/blog\/wp-json\/wp\/v2\/posts\/1833","targetHints":{"allow":["GET"]}}],"collection":[{"href":"https:\/\/aistimaa.fi\/blog\/wp-json\/wp\/v2\/posts"}],"about":[{"href":"https:\/\/aistimaa.fi\/blog\/wp-json\/wp\/v2\/types\/post"}],"author":[{"embeddable":true,"href":"https:\/\/aistimaa.fi\/blog\/wp-json\/wp\/v2\/users\/1"}],"replies":[{"embeddable":true,"href":"https:\/\/aistimaa.fi\/blog\/wp-json\/wp\/v2\/comments?post=1833"}],"version-history":[{"count":20,"href":"https:\/\/aistimaa.fi\/blog\/wp-json\/wp\/v2\/posts\/1833\/revisions"}],"predecessor-version":[{"id":1861,"href":"https:\/\/aistimaa.fi\/blog\/wp-json\/wp\/v2\/posts\/1833\/revisions\/1861"}],"wp:featuredmedia":[{"embeddable":true,"href":"https:\/\/aistimaa.fi\/blog\/wp-json\/wp\/v2\/media\/1842"}],"wp:attachment":[{"href":"https:\/\/aistimaa.fi\/blog\/wp-json\/wp\/v2\/media?parent=1833"}],"wp:term":[{"taxonomy":"category","embeddable":true,"href":"https:\/\/aistimaa.fi\/blog\/wp-json\/wp\/v2\/categories?post=1833"},{"taxonomy":"post_tag","embeddable":true,"href":"https:\/\/aistimaa.fi\/blog\/wp-json\/wp\/v2\/tags?post=1833"}],"curies":[{"name":"wp","href":"https:\/\/api.w.org\/{rel}","templated":true}]}}