{"id":2123,"date":"2022-11-10T06:08:18","date_gmt":"2022-11-10T06:08:18","guid":{"rendered":"http:\/\/aistimaa.fi\/blog\/?p=2123"},"modified":"2022-11-10T06:37:29","modified_gmt":"2022-11-10T06:37:29","slug":"kohti-kauniimpaa-kaupunkia","status":"publish","type":"post","link":"https:\/\/aistimaa.fi\/blog\/kohti-kauniimpaa-kaupunkia\/","title":{"rendered":"Kohti kauniimpaa kaupunkia"},"content":{"rendered":"\n<p>Olen jo parin vuosikymmenen ajan seurannut huolestuneena kuinka kotikaupunkini Porvoon kulttuurihistoriallinen kaupunkiymp\u00e4rist\u00f6 on pikku hiljaa j\u00e4\u00e4nyt monotonisen arkkitehtuurin, elementtitornien ja massatuotannon jalkoihin. Nykyrakentamista ohjaavat kaupalliset eturyhm\u00e4t vetoavat talouteen, tehokkuuteen ja uusimpaan muotiin, mutta hienolta kuulostavien myyntipuheiden seuraukset ovat kaupunkilaiselle karut. Upeat, ilmeikk\u00e4\u00e4t ja inhimillisen oloiset vanhat rakennukset ovat j\u00e4\u00e4neet tasapaksujen ja korkeiden betonielementtitalojen varjoon. Samalla ihmisten elinymp\u00e4rist\u00f6 on muuttunut kylm\u00e4ksi ja tunteettomaksi. Uudet rakennukset eiv\u00e4t juuri heijasta paikan henke\u00e4 vaan ovat pitk\u00e4lti kopioita naapurikaupunkien uudisrakennuksista. Samanlainen kehityskulku on ollut havaittavissa monessa muussakin suomalaisessa kaupungissa. <\/p>\n\n\n\n<p>T\u00e4st\u00e4 kehityskulusta huolestuneena olen halunnut selvitt\u00e4\u00e4 mist\u00e4 nykyisess\u00e4 kaupunkirakentamisessa on kysymys, miksi nykyrakentaminen tuntuu h\u00e4ivytt\u00e4v\u00e4n kaupungeista niiden monimuotoisuuden, historian ja inhimillisen ilmeen ja miksi nyky\u00e4\u00e4n ei en\u00e4\u00e4 rakenneta kaunista? <\/p>\n\n\n\n<h2 class=\"wp-block-heading\"><br>Kirjaprojekti<\/h2>\n\n\n\n<p>Nopeasti huomasin, etten ollut ajatuksineni yksin. Moni muukin oli pohtinut samoja asioita ja ollut huolissaan kaupunkiymp\u00e4rist\u00f6jen muuttumisesta ja muutoksen vaikutuksesta el\u00e4m\u00e4nlaatuumme. Osallistuin useissa medioissa aiheesta k\u00e4yt\u00e4v\u00e4\u00e4n keskusteluun. Seuraus oli,  ett\u00e4 minua pyydettiin mukaan kirjaprojektiin, jossa joukko eri alojen ammattilaisia pohtii nykyisen kaupunkikehityksen suuntaa. Innostuin oitis aiheesta ja p\u00e4\u00e4dyin mukaan kirjan toimituskuntaan.<br><br><\/p>\n\n\n<div class=\"wp-block-image is-style-default wp-duotone-unset-1\">\n<figure class=\"aligncenter size-large is-resized\"><img loading=\"lazy\" decoding=\"async\" src=\"http:\/\/aistimaa.fi\/blog\/wp-content\/uploads\/2022\/10\/kuva1plaveholder-1024x768.jpg\" alt=\"\" class=\"wp-image-2130\" width=\"512\" height=\"384\" srcset=\"https:\/\/aistimaa.fi\/blog\/wp-content\/uploads\/2022\/10\/kuva1plaveholder-1024x768.jpg 1024w, https:\/\/aistimaa.fi\/blog\/wp-content\/uploads\/2022\/10\/kuva1plaveholder-300x225.jpg 300w, https:\/\/aistimaa.fi\/blog\/wp-content\/uploads\/2022\/10\/kuva1plaveholder-768x576.jpg 768w, https:\/\/aistimaa.fi\/blog\/wp-content\/uploads\/2022\/10\/kuva1plaveholder-1536x1152.jpg 1536w, https:\/\/aistimaa.fi\/blog\/wp-content\/uploads\/2022\/10\/kuva1plaveholder.jpg 2048w\" sizes=\"auto, (max-width: 512px) 100vw, 512px\" \/><figcaption class=\"wp-element-caption\">Kohti kauniimpaa kaupunkia kirja tekstej\u00e4 kokoamassa syksyll\u00e4 2022.<\/figcaption><\/figure>\n<\/div>\n\n\n<p>Kirjan toimituskunnan j\u00e4senen\u00e4 opin prosessin aikana my\u00f6s melkoisen m\u00e4\u00e4r\u00e4n kirjan toimittamiseen liittyvist\u00e4 haasteista, kuten erilaisten tekstien kokoamisesta, oikolukemisesta, k\u00e4\u00e4nt\u00e4misest\u00e4, kustantamisesta, kuvituksesta, taittamisesta, painamisesta, markkinoinnista, rahoittamisesta, myymisest\u00e4 ja postittamisesta. Seuraavan kirjan toimittaminen on n\u00e4ill\u00e4 opeilla jo varmasti paljon helpompaa \ud83d\ude05.<\/p>\n\n\n\n<h2 class=\"wp-block-heading\"><br>Yhteinen teema<\/h2>\n\n\n\n<p>Kirjan tekemiseen osallistui toistakymment\u00e4 kirjoittajaa, joista kukin l\u00e4hestyi yhteist\u00e4 teemaa hieman eri n\u00e4k\u00f6kulmasta. Joidenkin l\u00e4hestymiskulma oli vahvan teoreettinen, joidenkin taas yleisemp\u00e4\u00e4 pohdintaa. Varsin erilaisista l\u00e4ht\u00f6kohdista ja taustoista kummunnut aiheen k\u00e4sittely tuntui v\u00e4lill\u00e4 haastavalta, mutta tuotti toisaalta antoisaa vuorovaikutusta ja synnytti rakentavaa keskustelua. N\u00e4iden keskustelujen ja pohdintojen lopputuloksena syntyi kirja, miss\u00e4 aiheeseen tartutaan monipuolisesti ja laaja-alaisesti.<\/p>\n\n\n<div class=\"wp-block-image\">\n<figure class=\"aligncenter size-full is-resized\"><img loading=\"lazy\" decoding=\"async\" src=\"http:\/\/aistimaa.fi\/blog\/wp-content\/uploads\/2022\/11\/k_5b.png\" alt=\"\" class=\"wp-image-2135\" width=\"389\" height=\"470\" srcset=\"https:\/\/aistimaa.fi\/blog\/wp-content\/uploads\/2022\/11\/k_5b.png 777w, https:\/\/aistimaa.fi\/blog\/wp-content\/uploads\/2022\/11\/k_5b-248x300.png 248w, https:\/\/aistimaa.fi\/blog\/wp-content\/uploads\/2022\/11\/k_5b-768x928.png 768w\" sizes=\"auto, (max-width: 389px) 100vw, 389px\" \/><\/figure>\n<\/div>\n\n\n<h2 class=\"wp-block-heading\"><br>Kirjan substanssi<\/h2>\n\n\n\n<p>Kirjassa tarkastellaan viihtyis\u00e4n kaupunkiymp\u00e4rist\u00f6n osatekij\u00f6it\u00e4 ja kaupungissa aistittavan kauneuden olemusta monesta eri n\u00e4k\u00f6kulmasta. Kirjan l\u00e4hestymiskulma aiheeseen on poikkitieteellinen ja \u00e4\u00e4neen p\u00e4\u00e4sev\u00e4t arkkitehtien ohella my\u00f6s historioitsijat, l\u00e4\u00e4k\u00e4rit, sosiologit ja monen muun alan ammattilaiset. Olemme kaikki rakennetun ymp\u00e4rist\u00f6n k\u00e4ytt\u00e4ji\u00e4, mutta kaupunkiymp\u00e4rist\u00f6n kehityksest\u00e4 k\u00e4yt\u00e4v\u00e4ss\u00e4 keskustelussa ns. maallikoiden mielipide j\u00e4\u00e4 usein toisarvoiseksi. T\u00e4ss\u00e4 kirjassa n\u00e4kemyksi\u00e4 pyrit\u00e4\u00e4n nostamaan esiin moniulotteisemmin ja avaamaan rakennetun ymp\u00e4rist\u00f6n merkityst\u00e4 ja vaikuttavuutta monialaisemmin.<br><br><\/p>\n\n\n<div class=\"wp-block-image\">\n<figure class=\"aligncenter size-large is-resized\"><img loading=\"lazy\" decoding=\"async\" src=\"http:\/\/aistimaa.fi\/blog\/wp-content\/uploads\/2022\/10\/vertailu-1024x532.jpg\" alt=\"\" class=\"wp-image-2128\" width=\"768\" height=\"399\" srcset=\"https:\/\/aistimaa.fi\/blog\/wp-content\/uploads\/2022\/10\/vertailu-1024x532.jpg 1024w, https:\/\/aistimaa.fi\/blog\/wp-content\/uploads\/2022\/10\/vertailu-300x156.jpg 300w, https:\/\/aistimaa.fi\/blog\/wp-content\/uploads\/2022\/10\/vertailu-768x399.jpg 768w, https:\/\/aistimaa.fi\/blog\/wp-content\/uploads\/2022\/10\/vertailu.jpg 1097w\" sizes=\"auto, (max-width: 768px) 100vw, 768px\" \/><\/figure>\n<\/div>\n\n\n<p><br>Aihetta l\u00e4hestyt\u00e4\u00e4n historiallisesta perspektiivist\u00e4 ja pohditaan k\u00e4ynniss\u00e4 olevan muutoksen syit\u00e4 ja seurauksia. Aikansa n\u00e4k\u00f6inen arkkitehtuurieetos kyseenalaistetaan ja pohditaan vaihtoehtoisia l\u00e4hestymistapoja aiheeseen. Kaupunkirakenteessa ilmenev\u00e4n kauneuden olemusta tarkastellaan syv\u00e4luotaavasti sek\u00e4 tunnepohjalta ett\u00e4 neurofysiologisten faktojen ja tutkimusten pohjalta. Kirjassa analysoidaan my\u00f6s osallistamista, demokratiaa ja poliittista p\u00e4\u00e4t\u00f6ksentekoa, jotka vaikuttavat kehityksen suuntaan. K\u00e4sittelem\u00e4tt\u00e4 ei j\u00e4\u00e4 my\u00f6sk\u00e4\u00e4n kauneuden hinta eli myytti kauniin rakentamisen kalleudesta.<\/p>\n\n\n\n<h2 class=\"wp-block-heading\"><br>Unohdettu neuroarkkitehtuuri<\/h2>\n\n\n\n<p>Nykyrakentamisessa ei aina huomioida riitt\u00e4v\u00e4sti sit\u00e4 millaisen henkisen kuorman rakennettu ymp\u00e4rist\u00f6 muodostaa ihmiselle. Monotoniset kerrostalot ovat edelleen valtavirtaa vaikka niiden negatiivisista heijastusvaikutuksista on tiedetty jo yli 50 vuoden ajan. Miksi t\u00e4rke\u00e4t neuroarkkitehtuuriin liittyv\u00e4t tutkimustulokset sivuutetaan tai niist\u00e4 ei v\u00e4litet\u00e4?<\/p>\n\n\n\n<p>Tutkimukset osoittavat, ett\u00e4 luonto ja luonnosta johtuvat toimintamallit ohjaavat edelleen vahvasti toimintaamme ja vaikuttavat onnellisuuden ja turvallisuuden tunteeseemme my\u00f6s urbaanissa ymp\u00e4rist\u00f6ss\u00e4. Arkkitehtuurin esteettiset ominaisuudet vaikuttavat mielialaamme, kognitiiviseen toimintaamme, k\u00e4yt\u00f6kseemme ja jopa henkiseen terveyteemme.<\/p>\n\n\n<div class=\"wp-block-image\">\n<figure class=\"aligncenter size-large is-resized\"><img loading=\"lazy\" decoding=\"async\" src=\"http:\/\/aistimaa.fi\/blog\/wp-content\/uploads\/2022\/11\/Kaupunkitilan-kokeminen-SML-1024x1024.png\" alt=\"\" class=\"wp-image-2174\" width=\"512\" height=\"512\" srcset=\"https:\/\/aistimaa.fi\/blog\/wp-content\/uploads\/2022\/11\/Kaupunkitilan-kokeminen-SML-1024x1024.png 1024w, https:\/\/aistimaa.fi\/blog\/wp-content\/uploads\/2022\/11\/Kaupunkitilan-kokeminen-SML-300x300.png 300w, https:\/\/aistimaa.fi\/blog\/wp-content\/uploads\/2022\/11\/Kaupunkitilan-kokeminen-SML-150x150.png 150w, https:\/\/aistimaa.fi\/blog\/wp-content\/uploads\/2022\/11\/Kaupunkitilan-kokeminen-SML-768x768.png 768w, https:\/\/aistimaa.fi\/blog\/wp-content\/uploads\/2022\/11\/Kaupunkitilan-kokeminen-SML-1536x1536.png 1536w, https:\/\/aistimaa.fi\/blog\/wp-content\/uploads\/2022\/11\/Kaupunkitilan-kokeminen-SML-600x600.png 600w, https:\/\/aistimaa.fi\/blog\/wp-content\/uploads\/2022\/11\/Kaupunkitilan-kokeminen-SML.png 1700w\" sizes=\"auto, (max-width: 512px) 100vw, 512px\" \/><figcaption class=\"wp-element-caption\"><em>Aivot havainnoivat ymp\u00e4r\u00f6iv\u00e4\u00e4 kaupunkitilaa.<\/em><\/figcaption><\/figure>\n<\/div>\n\n\n<p>Korkeat yksitoikkoiset kerrostalot aiheuttavat ihmisille stressi\u00e4, altistavat k\u00e4yt\u00f6sh\u00e4iri\u00f6ille ja luovat negatiivisia aisti\u00e4rsykkeit\u00e4. Mittakaavaltaan inhimilliset, monimuotoiset ja detaljirikkaat rakennukset koetaan sen sijaan miellytt\u00e4viksi ja viihtyisiksi ymp\u00e4rist\u00f6iksi asua ja el\u00e4\u00e4.<\/p>\n\n\n\n<p>Mist\u00e4 sitten johtuu, ett\u00e4 nykyrakentamisessa seurataan edelleen pikemminkin Gropiusstadin kuin Rothenburg ob der Tauberin mallia? Aisti\u00e4rsykkeiden ja henkisen hyvinvoinnin n\u00e4k\u00f6kulmasta se ei ole oikea suunta.<\/p>\n\n\n\n<div style=\"padding:81.9% 0 0 0;position:relative;\"><iframe src=\"https:\/\/player.vimeo.com\/video\/769300771?h=2cd8426068&amp;badge=0&amp;autopause=0&amp;player_id=0&amp;app_id=58479\" allow=\"autoplay; fullscreen; picture-in-picture\" allowfullscreen=\"\" style=\"position:absolute;top:0;left:0;width:100%;height:100%;\" title=\"Viihtyis&amp;auml; aistiymp&amp;auml;rist&amp;ouml;?\" frameborder=\"0\"><\/iframe><\/div><script src=\"https:\/\/player.vimeo.com\/api\/player.js\"><\/script>\n\n\n\n<h2 class=\"wp-block-heading\"><br>Kohti parempaa<\/h2>\n\n\n\n<p>Kirjassa haastetaan nykyrakentamiseen liittyv\u00e4 tyylihegemonia ja avataan modernin arkkitehtuurin kokemiseen liittyvi\u00e4 ongelmia neuropsykologian ja hyvinvoinnin n\u00e4k\u00f6kulmasta. Samalla pyrit\u00e4\u00e4n nostamaan esiin vaihtoehtoisia kehityspolkuja, jotka voisivat olla ihmiselle toimivampia, viihtyis\u00e4mpi\u00e4 ja henkisesti v\u00e4hemm\u00e4n kuormittavia. <\/p>\n\n\n\n<p>Nyt kun yh\u00e4 useampi kaupunkilainen ottaa osaa kaupunkikehityksest\u00e4 k\u00e4yt\u00e4v\u00e4\u00e4n keskusteluun, tulisi my\u00f6s kuntapolitiikassa toimivien ja kaavoituksesta p\u00e4\u00e4tt\u00e4vien tahojen tutustua aiheeseen pintaa syvemm\u00e4lt\u00e4. Toivon, ett\u00e4 kirja avaa uusia n\u00e4k\u00f6kulmia aiheeseen ja on osaltaan luomassa pohjaa rakentavalle keskustelulle.<\/p>\n\n\n\n<p><\/p>\n\n\n\n<hr class=\"wp-block-separator has-alpha-channel-opacity\"\/>\n\n\n\n<p>Kirjan kotisivut <a rel=\"noreferrer noopener\" href=\"http:\/\/www.kohti-kauniimpaa-kaupunkia.fi\" target=\"_blank\">http:\/\/www.kohti-kauniimpaa-kaupunkia.fi<\/a><\/p>\n","protected":false},"excerpt":{"rendered":"<p>Olen jo parin vuosikymmenen ajan seurannut huolestuneena kuinka kotikaupunkini Porvoon kulttuurihistoriallinen kaupunkiymp\u00e4rist\u00f6 on pikku hiljaa j\u00e4\u00e4nyt monotonisen arkkitehtuurin, elementtitornien ja massatuotannon jalkoihin. Nykyrakentamista ohjaavat kaupalliset eturyhm\u00e4t vetoavat talouteen, tehokkuuteen ja uusimpaan muotiin, mutta hienolta kuulostavien myyntipuheiden seuraukset ovat kaupunkilaiselle karut. Upeat, ilmeikk\u00e4\u00e4t ja inhimillisen oloiset vanhat rakennukset ovat j\u00e4\u00e4neet tasapaksujen ja korkeiden betonielementtitalojen varjoon. Samalla [&hellip;]<\/p>\n","protected":false},"author":1,"featured_media":2174,"comment_status":"open","ping_status":"open","sticky":false,"template":"","format":"standard","meta":{"_lmt_disableupdate":"","_lmt_disable":"","ocean_post_layout":"","ocean_both_sidebars_style":"","ocean_both_sidebars_content_width":0,"ocean_both_sidebars_sidebars_width":0,"ocean_sidebar":"0","ocean_second_sidebar":"0","ocean_disable_margins":"enable","ocean_add_body_class":"","ocean_shortcode_before_top_bar":"","ocean_shortcode_after_top_bar":"","ocean_shortcode_before_header":"","ocean_shortcode_after_header":"","ocean_has_shortcode":"","ocean_shortcode_after_title":"","ocean_shortcode_before_footer_widgets":"","ocean_shortcode_after_footer_widgets":"","ocean_shortcode_before_footer_bottom":"","ocean_shortcode_after_footer_bottom":"","ocean_display_top_bar":"default","ocean_display_header":"default","ocean_header_style":"","ocean_center_header_left_menu":"0","ocean_custom_header_template":"0","ocean_custom_logo":2174,"ocean_custom_retina_logo":2174,"ocean_custom_logo_max_width":0,"ocean_custom_logo_tablet_max_width":0,"ocean_custom_logo_mobile_max_width":0,"ocean_custom_logo_max_height":0,"ocean_custom_logo_tablet_max_height":0,"ocean_custom_logo_mobile_max_height":0,"ocean_header_custom_menu":"0","ocean_menu_typo_font_family":"0","ocean_menu_typo_font_subset":"","ocean_menu_typo_font_size":0,"ocean_menu_typo_font_size_tablet":0,"ocean_menu_typo_font_size_mobile":0,"ocean_menu_typo_font_size_unit":"px","ocean_menu_typo_font_weight":"","ocean_menu_typo_font_weight_tablet":"","ocean_menu_typo_font_weight_mobile":"","ocean_menu_typo_transform":"","ocean_menu_typo_transform_tablet":"","ocean_menu_typo_transform_mobile":"","ocean_menu_typo_line_height":0,"ocean_menu_typo_line_height_tablet":0,"ocean_menu_typo_line_height_mobile":0,"ocean_menu_typo_line_height_unit":"","ocean_menu_typo_spacing":0,"ocean_menu_typo_spacing_tablet":0,"ocean_menu_typo_spacing_mobile":0,"ocean_menu_typo_spacing_unit":"","ocean_menu_link_color":"","ocean_menu_link_color_hover":"","ocean_menu_link_color_active":"","ocean_menu_link_background":"","ocean_menu_link_hover_background":"","ocean_menu_link_active_background":"","ocean_menu_social_links_bg":"","ocean_menu_social_hover_links_bg":"","ocean_menu_social_links_color":"","ocean_menu_social_hover_links_color":"","ocean_disable_title":"default","ocean_disable_heading":"default","ocean_post_title":"PORVOON MAISEMISSA","ocean_post_subheading":"Kaupunkikehitykseen liittyvi\u00e4 ajankohtaisia n\u00e4k\u00f6kulmia","ocean_post_title_style":"","ocean_post_title_background_color":"","ocean_post_title_background":0,"ocean_post_title_bg_image_position":"","ocean_post_title_bg_image_attachment":"","ocean_post_title_bg_image_repeat":"","ocean_post_title_bg_image_size":"","ocean_post_title_height":0,"ocean_post_title_bg_overlay":0.5,"ocean_post_title_bg_overlay_color":"","ocean_disable_breadcrumbs":"default","ocean_breadcrumbs_color":"","ocean_breadcrumbs_separator_color":"","ocean_breadcrumbs_links_color":"","ocean_breadcrumbs_links_hover_color":"","ocean_display_footer_widgets":"default","ocean_display_footer_bottom":"default","ocean_custom_footer_template":"0","ocean_post_oembed":"","ocean_post_self_hosted_media":"","ocean_post_video_embed":"","ocean_link_format":"","ocean_link_format_target":"self","ocean_quote_format":"","ocean_quote_format_link":"post","ocean_gallery_link_images":"off","ocean_gallery_id":[],"footnotes":""},"categories":[138,207,64,65,63],"tags":[42,211,52,6,166,32,33,210,213,214,60,70,142,9,7],"class_list":["post-2123","post","type-post","status-publish","format-standard","has-post-thumbnail","hentry","category-historia","category-kaavoitus","category-kaupunkikehitys","category-kulttuuri","category-rakennukset","tag-arkkitehtuuri","tag-demokratia","tag-historia","tag-identiteetti","tag-kauneus","tag-kaupunkikuva","tag-kaupunkiymparisto","tag-kirja","tag-neuroarkkitehtuuri","tag-neuropsykologia","tag-osallistaminen","tag-rakennus","tag-rakennustyyli","tag-vetovoima","tag-viihtyisyys","entry","has-media"],"modified_by":"Mika Varpio","_links":{"self":[{"href":"https:\/\/aistimaa.fi\/blog\/wp-json\/wp\/v2\/posts\/2123","targetHints":{"allow":["GET"]}}],"collection":[{"href":"https:\/\/aistimaa.fi\/blog\/wp-json\/wp\/v2\/posts"}],"about":[{"href":"https:\/\/aistimaa.fi\/blog\/wp-json\/wp\/v2\/types\/post"}],"author":[{"embeddable":true,"href":"https:\/\/aistimaa.fi\/blog\/wp-json\/wp\/v2\/users\/1"}],"replies":[{"embeddable":true,"href":"https:\/\/aistimaa.fi\/blog\/wp-json\/wp\/v2\/comments?post=2123"}],"version-history":[{"count":48,"href":"https:\/\/aistimaa.fi\/blog\/wp-json\/wp\/v2\/posts\/2123\/revisions"}],"predecessor-version":[{"id":2181,"href":"https:\/\/aistimaa.fi\/blog\/wp-json\/wp\/v2\/posts\/2123\/revisions\/2181"}],"wp:featuredmedia":[{"embeddable":true,"href":"https:\/\/aistimaa.fi\/blog\/wp-json\/wp\/v2\/media\/2174"}],"wp:attachment":[{"href":"https:\/\/aistimaa.fi\/blog\/wp-json\/wp\/v2\/media?parent=2123"}],"wp:term":[{"taxonomy":"category","embeddable":true,"href":"https:\/\/aistimaa.fi\/blog\/wp-json\/wp\/v2\/categories?post=2123"},{"taxonomy":"post_tag","embeddable":true,"href":"https:\/\/aistimaa.fi\/blog\/wp-json\/wp\/v2\/tags?post=2123"}],"curies":[{"name":"wp","href":"https:\/\/api.w.org\/{rel}","templated":true}]}}