{"id":3134,"date":"2026-04-30T05:38:42","date_gmt":"2026-04-30T05:38:42","guid":{"rendered":"https:\/\/aistimaa.fi\/blog\/?p=3134"},"modified":"2026-04-30T05:38:44","modified_gmt":"2026-04-30T05:38:44","slug":"elamaa-hopean-kortteliin","status":"publish","type":"post","link":"https:\/\/aistimaa.fi\/blog\/elamaa-hopean-kortteliin\/","title":{"rendered":"El\u00e4m\u00e4\u00e4 Hopean kortteliin"},"content":{"rendered":"\n<p>Porvoon valtav\u00e4yl\u00e4n varrella on jo pitk\u00e4\u00e4n jouduttu seuraamaan Hopean korttelin hidasta rapistumista. Hellbergin talo on vuosien ajan noussut keskusteluissa esimerkiksi keskustan alennustilasta ja rappiotalojen ongelmista. Nyt ilmassa on kuitenkin merkkej\u00e4 muutoksesta: kiinteist\u00f6nomistaja on l\u00e4htenyt viem\u00e4\u00e4n korttelin kehitt\u00e4miseen t\u00e4ht\u00e4\u00e4v\u00e4\u00e4 hanketta eteenp\u00e4in ja asemakaavamuutos on valmistelussa. L\u00e4ht\u00f6kohtana on suunnitelma, joka toisi tontille runsaasti lis\u00e4\u00e4 kerrosneli\u00f6it\u00e4 ja pari kerrosta lis\u00e4\u00e4 korkeutta.<\/p>\n\n\n\n\t\t\t\n\t<style type=\"text\/css\">\n\t\t.slider-info-3172.bafg-slider-info .bafg-slider-title {\n\t\t\t\t\t\t\tfont-size:\n\t\t\t\t\t&quot;18px&quot;\t\t\t\t;\n\t\t\t\n\t\t\t\n\t\t\t\t\t\t\ttext-align:\n\t\t\t\t\tcenter\t\t\t\t;\n\t\t\t\t\t}\n\n\t\t.slider-info-3172.bafg-slider-info .bafg-slider-description {\n\t\t\t\t\t\t\tfont-size:\n\t\t\t\t\t&quot;18px&quot;\t\t\t\t;\n\t\t\t\n\t\t\t\n\t\t\t\t\t\t\ttext-align:\n\t\t\t\t\tcenter\t\t\t\t;\n\t\t\t\t\t}\n\t\t\n\t\t\n\t\t.slider-info-3172.bafg-slider-info .bafg_slider_readmore_button {\n\t\t\t\n\t\t\t\n\t\t\t\n\t\t\t\n\t\t\t\n\t\t\ttext-align: center;\n\n\t\t\t\n\t\t\t\n\t\t\t\n\t\t\t\n\t\t\t\t\t}\n\n\t\t.slider-info-3172.bafg-slider-info .bafg_slider_readmore_button:hover {\n\n\t\t\t\n\t\t\t\n\t\t\t\t\t}\n\t<\/style>\n\t\n\t\t\t<div class=\"bafg-twentytwenty-container slider-3172  \"\n\t\t\t\tbafg-orientation=\"horizontal\" bafg-default-offset=\"0.5\"\n\t\t\t\tbafg-before-label=\"ENNEN\"\n\t\t\t\tbafg-after-label=\"J\u00c4LKEEN\" bafg-overlay=\"1\"\n\t\t\t\tbafg-move-slider-on-hover=\"\"\n\t\t\t\tbafg-click-to-move=\"\">\n\n\t\t\t\t\t\t\t\t<img class=\"skip-lazy\" data-skip-lazy\t\t\t\t\tsrc=\"http:\/\/aistimaa.fi\/blog\/wp-content\/uploads\/2025\/10\/Hopea_Before2.jpg\" alt=\"Ennen\">\n\t\t\t\t<img class=\"skip-lazy\" data-skip-lazy\t\t\t\t\tsrc=\"http:\/\/aistimaa.fi\/blog\/wp-content\/uploads\/2026\/04\/Hopea_After3.jpg\" alt=\"J\u00e4lkeen\">\n\n\t\t\t<\/div>\n\n\t\t\t\t<div class=\"bafg-slider-info-wraper\">\n\t\t<div style=\"\" class=\"slider-info-3172 bafg-slider-info\">\n\t\t\t\t\t<\/div>\n\t<\/div>\n\t\n\t\t\t<style type=\"text\/css\">\n\t\t\t\t\t\t\t\t\t.slider-3172 \t\t\t\t\t.twentytwenty-before-label::before {\n\t\t\t\t\t\tbackground:\n\t\t\t\t\t\t\t\t\t\t\t\t\t;\n\t\t\t\t\t\tcolor:\n\t\t\t\t\t\t\t#ffffff\t\t\t\t\t\t;\n\t\t\t\t\t}\n\n\t\t\t\t\t\t\t\t\t\t\t\t\t\t.slider-3172 \t\t\t\t\t.twentytwenty-after-label::before {\n\t\t\t\t\t\tbackground:\n\t\t\t\t\t\t\t\t\t\t\t\t\t;\n\t\t\t\t\t\tcolor:\n\t\t\t\t\t\t\t#ffffff\t\t\t\t\t\t;\n\t\t\t\t\t}\n\n\t\t\t\t\t\t\t\t<\/style>\n\t\t\t\n\n\n\n<h2 class=\"wp-block-heading\"><strong><br>Hellbergin talon kohtalo<\/strong><\/h2>\n\n\n\n<p>Erik Lindroosin suunnittelema ja vuonna 1940 valmistunut Hellbergin talo oli aikansa modernin arkkitehtuurin puhdaslinjainen edustaja. 1970-luvulla talon ilme kuitenkin muuttui, kun liikesiiven p\u00e4\u00e4lle nousi kaksikerroksinen lis\u00e4osa, joka toimi aikanaan my\u00f6s kirjastona. Laajennus poikkeaa selv\u00e4sti alkuper\u00e4isest\u00e4 arkkitehtuurista eik\u00e4 sit\u00e4 voi kutsua tyylillisesti kovin luontevaksi jatkumoksi.<\/p>\n\n\n\n<p>Korttelin vanha p\u00e4\u00e4rakennus on asemakaavassa suojeltu, ja osa porvoolaisista toivoo sen s\u00e4ilyv\u00e4n paikoillaan oman aikansa arkkitehtonisena ilmentym\u00e4n\u00e4. Hellbergin talolla on pitk\u00e4 ja moniulotteinen historia, jota on kuvattu muun muassa Inka T\u00f6yryl\u00e4n teoksessa <em>Talot kertovat<\/em> (2021). Kaupunkikuvassa eri aikakausien rakennukset muodostavat arvokkaan kerroksellisuuden \u2013 ne heijastavat kaupungin kasvua, muutosta ja kunkin ajan ihanteita. Kun yksi kerros katoaa, katoaa samalla pala yhteist\u00e4 kaupunkimuistia.<\/p>\n\n\n\n<p>Hellbergin rakennus on kuitenkin p\u00e4\u00e4ssyt niin huonoon kuntoon, ett\u00e4 sen pelastaminen on k\u00e4yt\u00e4nn\u00f6ss\u00e4 l\u00e4hes mahdotonta. Suojelup\u00e4\u00e4t\u00f6s ei yksin riit\u00e4, jos rakennusta ei pidet\u00e4 kunnossa, kuten monen muunkin kohteen kohdalla on karvaasti n\u00e4hty (ks. <em><a href=\"https:\/\/aistimaa.fi\/blog\/suojeltujen-rakennusten-karu-kohtalo\/\" target=\"_blank\" rel=\"noreferrer noopener\">Suojeltujen rakennusten karu kohtalo<\/a><\/em>). Vuosikymmenten laiminly\u00f6nti on j\u00e4tt\u00e4nyt j\u00e4lkens\u00e4: rakennus on rapistunut paitsi esteettisesti my\u00f6s rakenteellisesti ja muodostaa jo turvallisuusriskin ohikulkijoille rikkin\u00e4isine ikkunoineen ja rapautuneine julkisivuineen.<\/p>\n\n\n\n<p>Monet porvoolaiset suhtautuvat my\u00f6nteisesti ajatukseen Hellbergin kulmauksen uudistamisesta. Kun nelj\u00e4 vuotta sitten kiersimme kaupunkilaisten kanssa Porvoon autiotaloja ja keskustelimme niiden tulevaisuudesta, Hellbergin rakennus her\u00e4tti sek\u00e4 my\u00f6t\u00e4tuntoa ett\u00e4 turhautumista (ks. <em><a href=\"https:\/\/aistimaa.fi\/blog\/porvoon-autiotalot\/\" target=\"_blank\" rel=\"noreferrer noopener\">Porvoon autiotalot<\/a><\/em>). Suurin osa mielipiteens\u00e4 jakaneista oli sit\u00e4 mielt\u00e4, ett\u00e4 pitk\u00e4\u00e4n heitteill\u00e4 ollut ja rapistunut rakennus saisi v\u00e4isty\u00e4, ja tilalle tulisi rakentaa jotain maltillista ja Vanhan Porvoon henkeen sopivaa.<\/p>\n\n\n\n<p><\/p>\n\n\n\n<h2 class=\"wp-block-heading\"><strong><br>Haastava sijainti<\/strong><\/h2>\n\n\n\n<p>Kohteen sijainti Vanhan Porvoon ja Empirekaupungiosan rajapinnassa, Mannerheiminkadun varrella, tekee suunnittelusta poikkeuksellisen vaativaa. Kyseess\u00e4 on eritt\u00e4in n\u00e4kyv\u00e4 paikka, jonka ohi l\u00e4hes jokainen kaupunkiin saapuva kulkee. <\/p>\n\n\n\n<figure data-wp-context=\"{&quot;imageId&quot;:&quot;69f43e9f5fd10&quot;}\" data-wp-interactive=\"core\/image\" data-wp-key=\"69f43e9f5fd10\" class=\"wp-block-image size-large wp-lightbox-container\"><img loading=\"lazy\" decoding=\"async\" width=\"1024\" height=\"671\" data-wp-class--hide=\"state.isContentHidden\" data-wp-class--show=\"state.isContentVisible\" data-wp-init=\"callbacks.setButtonStyles\" data-wp-on--click=\"actions.showLightbox\" data-wp-on--load=\"callbacks.setButtonStyles\" data-wp-on-window--resize=\"callbacks.setButtonStyles\" src=\"https:\/\/aistimaa.fi\/blog\/wp-content\/uploads\/2025\/10\/Hopean-kortteli-3-1024x671.jpg\" alt=\"\" class=\"wp-image-3261\" srcset=\"https:\/\/aistimaa.fi\/blog\/wp-content\/uploads\/2025\/10\/Hopean-kortteli-3-1024x671.jpg 1024w, https:\/\/aistimaa.fi\/blog\/wp-content\/uploads\/2025\/10\/Hopean-kortteli-3-300x197.jpg 300w, https:\/\/aistimaa.fi\/blog\/wp-content\/uploads\/2025\/10\/Hopean-kortteli-3-768x503.jpg 768w, https:\/\/aistimaa.fi\/blog\/wp-content\/uploads\/2025\/10\/Hopean-kortteli-3-1536x1007.jpg 1536w, https:\/\/aistimaa.fi\/blog\/wp-content\/uploads\/2025\/10\/Hopean-kortteli-3.jpg 1573w\" sizes=\"auto, (max-width: 1024px) 100vw, 1024px\" \/><button\n\t\t\tclass=\"lightbox-trigger\"\n\t\t\ttype=\"button\"\n\t\t\taria-haspopup=\"dialog\"\n\t\t\taria-label=\"Suurenna\"\n\t\t\tdata-wp-init=\"callbacks.initTriggerButton\"\n\t\t\tdata-wp-on--click=\"actions.showLightbox\"\n\t\t\tdata-wp-style--right=\"state.imageButtonRight\"\n\t\t\tdata-wp-style--top=\"state.imageButtonTop\"\n\t\t>\n\t\t\t<svg xmlns=\"http:\/\/www.w3.org\/2000\/svg\" width=\"12\" height=\"12\" fill=\"none\" viewBox=\"0 0 12 12\">\n\t\t\t\t<path fill=\"#fff\" d=\"M2 0a2 2 0 0 0-2 2v2h1.5V2a.5.5 0 0 1 .5-.5h2V0H2Zm2 10.5H2a.5.5 0 0 1-.5-.5V8H0v2a2 2 0 0 0 2 2h2v-1.5ZM8 12v-1.5h2a.5.5 0 0 0 .5-.5V8H12v2a2 2 0 0 1-2 2H8Zm2-12a2 2 0 0 1 2 2v2h-1.5V2a.5.5 0 0 0-.5-.5H8V0h2Z\" \/>\n\t\t\t<\/svg>\n\t\t<\/button><figcaption class=\"wp-element-caption\"><em>Kohdealue sijaitsee Vanhan Porvoon ja Empireporvoon rajapinnassa. Kuva: Mika Varpio, 2025.<\/em><\/figcaption><\/figure>\n\n\n\n<p>Vanha Porvoo ei esittelyj\u00e4 kaipaa: se on valtakunnallisesti tunnettu kaupunginosa, jonka merkitys Porvoon maineelle on mittaamattoman suuri. Empirekaupungin ruutukaava ja historiallinen rakennuskanta muodostavat oman, arvokkaan kokonaisuutensa. N\u00e4iden rajapinnassa Hopean kortteli on kuin saumakohta, jossa eri aikakaudet ja mittakaavat kohtaavat.<\/p>\n\n\n\n<p>Kohdealuetta ymp\u00e4r\u00f6iv\u00e4 rakennuskanta vaihtelee voimakkaasti. Mannerheiminkadun varrella on uudempia, korkeampia kerrostaloja, kun taas Vanhan Porvoon puolella on matalia, p\u00e4\u00e4osin yksi- ja kaksikerroksisia puutaloja.<\/p>\n\n\n\n<figure data-wp-context=\"{&quot;imageId&quot;:&quot;69f43e9f603f2&quot;}\" data-wp-interactive=\"core\/image\" data-wp-key=\"69f43e9f603f2\" class=\"wp-block-image size-large wp-lightbox-container\"><img loading=\"lazy\" decoding=\"async\" width=\"1024\" height=\"335\" data-wp-class--hide=\"state.isContentHidden\" data-wp-class--show=\"state.isContentVisible\" data-wp-init=\"callbacks.setButtonStyles\" data-wp-on--click=\"actions.showLightbox\" data-wp-on--load=\"callbacks.setButtonStyles\" data-wp-on-window--resize=\"callbacks.setButtonStyles\" src=\"https:\/\/aistimaa.fi\/blog\/wp-content\/uploads\/2025\/10\/lahitalot-1024x335.jpg\" alt=\"\" class=\"wp-image-3259\" srcset=\"https:\/\/aistimaa.fi\/blog\/wp-content\/uploads\/2025\/10\/lahitalot-1024x335.jpg 1024w, https:\/\/aistimaa.fi\/blog\/wp-content\/uploads\/2025\/10\/lahitalot-300x98.jpg 300w, https:\/\/aistimaa.fi\/blog\/wp-content\/uploads\/2025\/10\/lahitalot-768x251.jpg 768w, https:\/\/aistimaa.fi\/blog\/wp-content\/uploads\/2025\/10\/lahitalot-1536x502.jpg 1536w, https:\/\/aistimaa.fi\/blog\/wp-content\/uploads\/2025\/10\/lahitalot-2048x670.jpg 2048w\" sizes=\"auto, (max-width: 1024px) 100vw, 1024px\" \/><button\n\t\t\tclass=\"lightbox-trigger\"\n\t\t\ttype=\"button\"\n\t\t\taria-haspopup=\"dialog\"\n\t\t\taria-label=\"Suurenna\"\n\t\t\tdata-wp-init=\"callbacks.initTriggerButton\"\n\t\t\tdata-wp-on--click=\"actions.showLightbox\"\n\t\t\tdata-wp-style--right=\"state.imageButtonRight\"\n\t\t\tdata-wp-style--top=\"state.imageButtonTop\"\n\t\t>\n\t\t\t<svg xmlns=\"http:\/\/www.w3.org\/2000\/svg\" width=\"12\" height=\"12\" fill=\"none\" viewBox=\"0 0 12 12\">\n\t\t\t\t<path fill=\"#fff\" d=\"M2 0a2 2 0 0 0-2 2v2h1.5V2a.5.5 0 0 1 .5-.5h2V0H2Zm2 10.5H2a.5.5 0 0 1-.5-.5V8H0v2a2 2 0 0 0 2 2h2v-1.5ZM8 12v-1.5h2a.5.5 0 0 0 .5-.5V8H12v2a2 2 0 0 1-2 2H8Zm2-12a2 2 0 0 1 2 2v2h-1.5V2a.5.5 0 0 0-.5-.5H8V0h2Z\" \/>\n\t\t\t<\/svg>\n\t\t<\/button><figcaption class=\"wp-element-caption\"><em>Empirekaupungin puolelle sijoittuvia kerrostaloja Kuvat: Mika Varpio, 2025<\/em><\/figcaption><\/figure>\n\n\n\n<p>(1) Mannerheiminkadun etel\u00e4puolella vastinparina on 1956 rakennettu seitsem\u00e4nkerroksinen klinkkeripintainen asuin- ja liikerakennus, jota ei voi pit\u00e4\u00e4 kaupunkikuvallisena helmen\u00e4. (2) Kulmittain risteyksen toisella puolella on suojeltu, vuonna 1917 valmistunut keltaiseksi rapattu asuin ja liikerakennus py\u00f6ristettyine kulmineen. (3) Rauhankadun puolella seisoo nelikerroksinen, vuonna 1984 valmistunut betonielementtirakenteinen toimistorakennus, jonka Mannerheiminkadun puoleista julkisivua j\u00e4sent\u00e4v\u00e4t kaariaiheet.<\/p>\n\n\n\n<p>Korttelin pohjoispuolella ollaan puolestaan jo Vanhan Porvoon mittakaavassa \u2013 yhden ja kahden kerroksen korkuisissa historiallisissa puurakennuksissa, joihin uudisrakentaminen pit\u00e4isi saada my\u00f6s sopimaan. Juuri t\u00e4\u00e4ll\u00e4, korttelin pohjoisreunalla, piilee suunnittelun suurin haaste: miten uusi rakentaminen sovitetaan niin mittakaavaltaan kuin hengelt\u00e4\u00e4n vanhaan rakennuskantaan? T\u00e4m\u00e4 on my\u00f6s hankkeen suurin mahdollisuus \u2013 tai sen ep\u00e4onnistumisen riski.<\/p>\n\n\n\n<figure data-wp-context=\"{&quot;imageId&quot;:&quot;69f43e9f609e8&quot;}\" data-wp-interactive=\"core\/image\" data-wp-key=\"69f43e9f609e8\" class=\"wp-block-image size-large wp-lightbox-container\"><img loading=\"lazy\" decoding=\"async\" width=\"1024\" height=\"335\" data-wp-class--hide=\"state.isContentHidden\" data-wp-class--show=\"state.isContentVisible\" data-wp-init=\"callbacks.setButtonStyles\" data-wp-on--click=\"actions.showLightbox\" data-wp-on--load=\"callbacks.setButtonStyles\" data-wp-on-window--resize=\"callbacks.setButtonStyles\" src=\"https:\/\/aistimaa.fi\/blog\/wp-content\/uploads\/2025\/10\/lahitalot2-1024x335.jpg\" alt=\"\" class=\"wp-image-3260\" srcset=\"https:\/\/aistimaa.fi\/blog\/wp-content\/uploads\/2025\/10\/lahitalot2-1024x335.jpg 1024w, https:\/\/aistimaa.fi\/blog\/wp-content\/uploads\/2025\/10\/lahitalot2-300x98.jpg 300w, https:\/\/aistimaa.fi\/blog\/wp-content\/uploads\/2025\/10\/lahitalot2-768x251.jpg 768w, https:\/\/aistimaa.fi\/blog\/wp-content\/uploads\/2025\/10\/lahitalot2-1536x502.jpg 1536w, https:\/\/aistimaa.fi\/blog\/wp-content\/uploads\/2025\/10\/lahitalot2-2048x670.jpg 2048w\" sizes=\"auto, (max-width: 1024px) 100vw, 1024px\" \/><button\n\t\t\tclass=\"lightbox-trigger\"\n\t\t\ttype=\"button\"\n\t\t\taria-haspopup=\"dialog\"\n\t\t\taria-label=\"Suurenna\"\n\t\t\tdata-wp-init=\"callbacks.initTriggerButton\"\n\t\t\tdata-wp-on--click=\"actions.showLightbox\"\n\t\t\tdata-wp-style--right=\"state.imageButtonRight\"\n\t\t\tdata-wp-style--top=\"state.imageButtonTop\"\n\t\t>\n\t\t\t<svg xmlns=\"http:\/\/www.w3.org\/2000\/svg\" width=\"12\" height=\"12\" fill=\"none\" viewBox=\"0 0 12 12\">\n\t\t\t\t<path fill=\"#fff\" d=\"M2 0a2 2 0 0 0-2 2v2h1.5V2a.5.5 0 0 1 .5-.5h2V0H2Zm2 10.5H2a.5.5 0 0 1-.5-.5V8H0v2a2 2 0 0 0 2 2h2v-1.5ZM8 12v-1.5h2a.5.5 0 0 0 .5-.5V8H12v2a2 2 0 0 1-2 2H8Zm2-12a2 2 0 0 1 2 2v2h-1.5V2a.5.5 0 0 0-.5-.5H8V0h2Z\" \/>\n\t\t\t<\/svg>\n\t\t<\/button><figcaption class=\"wp-element-caption\"><em>Kohdealueen pohjois- ja l\u00e4nsipuolella olevia puutaloja. Kuvat: Mika Varpio, 2025<\/em><\/figcaption><\/figure>\n\n\n\n<p>(4) Rauhankadun varrella on vuonna 1895 rakennettu Kirkko, Borg\u00e5 Missionskyrka. (5) Rihkamakadun varrelle sijoittuu useita Vanhan Porvoon alueeseen kuuluvia yksi- ja kaksikerroksisia puutaloja ja (6) Mannerheiminkadun ja Kirkkokadun kulmassa on matala yksikerroksinen puutalo, jossa on liiketiloja. Kaikilla n\u00e4ist\u00e4 rakennuksista on asemakaavassa suojelumerkint\u00e4.<\/p>\n\n\n\n<p>\ud83d\udd0eTutustu ymp\u00e4rist\u00f6\u00f6n Google Street View:n kautta: <a href=\"https:\/\/maps.app.goo.gl\/oLmkruCiVM6bFYDt8\" target=\"_blank\" rel=\"noreferrer noopener\">https:\/\/maps.app.goo.gl\/oLmkruCiVM6bFYDt8<\/a><\/p>\n\n\n\n<h2 class=\"wp-block-heading\"><br><strong>Asemakaavamuutokset<\/strong><\/h2>\n\n\n\n<p><strong>Suojelumerkinn\u00e4t:<\/strong> Kaavamuutoksessa Hellbergin kulmalta esitet\u00e4\u00e4n poistettavaksi suojelustatus, mik\u00e4 mahdollistaisi vanhan rakennuksen purkamisen. <\/p>\n\n\n\n<p><strong>Rakennusoikeus:<\/strong> Asemakaavaan merkitty rakennusoikeus kasvaa periaatteessa maltillisesti: vanhassa asemakaavassa sit\u00e4 oli 3 800 k-m\u00b2, uudessa luonnoksessa 4 465 k-m\u00b2. On kuitenkin hyv\u00e4 huomioida, ett\u00e4 vanhan kaavan sallimasta rakennusoikeudesta vain noin 2 200 k-m\u00b2 (alle 60%) on k\u00e4ytetty. Uuden kaavan mukaan t\u00e4ysim\u00e4\u00e4r\u00e4isesti toteutuessaan uudisrakentaminen tuplaisi nykyisen rakennusm\u00e4\u00e4r\u00e4n.<\/p>\n\n\n\n<p><strong>Kerroskorkeudet:<\/strong> Uudessa asemakaavaluonnoksessa Mannerheiminkadun puolella korkeudet nousevat kolmesta viiteen kerrokseen, kun taas Rihkamakadun puolella ne laskevat kolmesta yhteen \u2013 ehk\u00e4 hieman yll\u00e4tt\u00e4en. Merkillepantavaa on, ett\u00e4 Rihkamakadun toteutunut rakentaminen poikkeaa merkitt\u00e4v\u00e4sti vanhasta kaavasta: kolmen kerroksen ja noin 2 000 k-m\u00b2 sijaan alueella on kaksi yksikerroksista rakennusta, yhteens\u00e4 noin 530 m\u00b2. <\/p>\n\n\n\n<figure data-wp-context=\"{&quot;imageId&quot;:&quot;69f43e9f610fc&quot;}\" data-wp-interactive=\"core\/image\" data-wp-key=\"69f43e9f610fc\" class=\"wp-block-image size-large wp-lightbox-container\"><img loading=\"lazy\" decoding=\"async\" width=\"1024\" height=\"595\" data-wp-class--hide=\"state.isContentHidden\" data-wp-class--show=\"state.isContentVisible\" data-wp-init=\"callbacks.setButtonStyles\" data-wp-on--click=\"actions.showLightbox\" data-wp-on--load=\"callbacks.setButtonStyles\" data-wp-on-window--resize=\"callbacks.setButtonStyles\" src=\"https:\/\/aistimaa.fi\/blog\/wp-content\/uploads\/2026\/04\/asemakaavavertailu4-1024x595.jpg\" alt=\"\" class=\"wp-image-3433\" srcset=\"https:\/\/aistimaa.fi\/blog\/wp-content\/uploads\/2026\/04\/asemakaavavertailu4-1024x595.jpg 1024w, https:\/\/aistimaa.fi\/blog\/wp-content\/uploads\/2026\/04\/asemakaavavertailu4-300x174.jpg 300w, https:\/\/aistimaa.fi\/blog\/wp-content\/uploads\/2026\/04\/asemakaavavertailu4-768x447.jpg 768w, https:\/\/aistimaa.fi\/blog\/wp-content\/uploads\/2026\/04\/asemakaavavertailu4-1536x893.jpg 1536w, https:\/\/aistimaa.fi\/blog\/wp-content\/uploads\/2026\/04\/asemakaavavertailu4-2048x1191.jpg 2048w\" sizes=\"auto, (max-width: 1024px) 100vw, 1024px\" \/><button\n\t\t\tclass=\"lightbox-trigger\"\n\t\t\ttype=\"button\"\n\t\t\taria-haspopup=\"dialog\"\n\t\t\taria-label=\"Suurenna\"\n\t\t\tdata-wp-init=\"callbacks.initTriggerButton\"\n\t\t\tdata-wp-on--click=\"actions.showLightbox\"\n\t\t\tdata-wp-style--right=\"state.imageButtonRight\"\n\t\t\tdata-wp-style--top=\"state.imageButtonTop\"\n\t\t>\n\t\t\t<svg xmlns=\"http:\/\/www.w3.org\/2000\/svg\" width=\"12\" height=\"12\" fill=\"none\" viewBox=\"0 0 12 12\">\n\t\t\t\t<path fill=\"#fff\" d=\"M2 0a2 2 0 0 0-2 2v2h1.5V2a.5.5 0 0 1 .5-.5h2V0H2Zm2 10.5H2a.5.5 0 0 1-.5-.5V8H0v2a2 2 0 0 0 2 2h2v-1.5ZM8 12v-1.5h2a.5.5 0 0 0 .5-.5V8H12v2a2 2 0 0 1-2 2H8Zm2-12a2 2 0 0 1 2 2v2h-1.5V2a.5.5 0 0 0-.5-.5H8V0h2Z\" \/>\n\t\t\t<\/svg>\n\t\t<\/button><figcaption class=\"wp-element-caption\"><em>Vertailukuvassa lainvoimainen asemakaava vuodelta 2008 ja kaavaluonnoksessa esitetty asemakaava. Kuvakooste M. Varpio<\/em>.<\/figcaption><\/figure>\n\n\n\n<h2 class=\"wp-block-heading\"><br>Pys\u00e4k\u00f6inti ja piha<\/h2>\n\n\n\n<p>Rakenteellinen pys\u00e4k\u00f6inti on t\u00e4m\u00e4nkaltaisessa sijainnissa k\u00e4yt\u00e4nn\u00f6ss\u00e4 v\u00e4ltt\u00e4m\u00e4t\u00f6nt\u00e4. Se lis\u00e4\u00e4 suunnittelun vaativuutta, mutta toisaalta vapauttaa pihatilaa muuhun k\u00e4ytt\u00f6\u00f6n. Autopaikkavaatimukset ovat 1 ap \/ 120 k-m\u00b2 asuinpinta-alaa (v\u00e4hint\u00e4\u00e4n 0,7 ap \/ asunto) ja 1 ap \/ 160 k-m\u00b2 toimistopinta-alaa, mik\u00e4 tarkoittaa, ett\u00e4 tontille tulisi osoittaa yhteens\u00e4 32 autopaikkaa (3580\/120 = 30 ap + 280\/160 = 2 ap).<\/p>\n\n\n\n<p>Suunnitelmissa maanalaisessa autohallissa on 33 autopaikkaa ja pihalla lis\u00e4ksi kuusi pintapaikkaa, yhteens\u00e4 39 paikkaa. M\u00e4\u00e4r\u00e4 ylitt\u00e4\u00e4 vaatimuksen seitsem\u00e4ll\u00e4 paikalla, mik\u00e4 her\u00e4tt\u00e4\u00e4 kysymyksi\u00e4 ratkaisun tarkoituksenmukaisuudesta. Toisaalta mitoitus 1 ap \/ 120 k-m\u00b2 on varsin niukka, eik\u00e4 v\u00e4ltt\u00e4m\u00e4tt\u00e4 vastaa todellista tarvetta, joten ylim\u00e4\u00e4r\u00e4iset paikat voivat olla k\u00e4yt\u00e4nn\u00f6ss\u00e4 perusteltuja.<\/p>\n\n\n\n<p>Jos paikkam\u00e4\u00e4r\u00e4 puolestaan johdettaisiin k\u00e4\u00e4nteisesti mitoituksesta 0,7 ap \/ asunto, vastaisi 37 paikkaa (39 &#8211; 2 toimistopaikkaa) noin 53 asuntoa. Se on huomattavan suuri m\u00e4\u00e4r\u00e4 suhteessa rakennusoikeuteen, joten kokonaisuus j\u00e4\u00e4 t\u00e4lt\u00e4 osin viel\u00e4 ep\u00e4selv\u00e4ksi. Autopaikkamerkint\u00f6jen voidaan kuitenkin olettaa tarkentuvan suunnittelun edetess\u00e4.<\/p>\n\n\n\n<p>Asemakaavaluonnoksessa on lis\u00e4ksi korttelin l\u00e4nsiosaan kohdistuva maininta, jonka mukaan suojeltujen rakennusten autopaikkavaatimus olisi <em>enint\u00e4\u00e4n<\/em> 1 ap \/ 160 k-m\u00b2. Sanamuoto on erikoinen, sill\u00e4 \u201denint\u00e4\u00e4n\u201d tarkoittaisi periaatteessa, ettei paikkoja tarvitsisi osoittaa lainkaan. Yleens\u00e4 vastaavissa m\u00e4\u00e4r\u00e4yksiss\u00e4 k\u00e4ytet\u00e4\u00e4n muotoa \u201dv\u00e4hint\u00e4\u00e4n\u201d. Olisi syyt\u00e4 tarkistaa, onko kyseess\u00e4 virheellinen tai tulkinnanvarainen kirjaus.<\/p>\n\n\n\n<p>Kansipiha tuo omat haasteensa pihan kasvillisuudelle, ja esimerkiksi suurista puista kansipihan p\u00e4\u00e4ll\u00e4 on turha haaveilla. Kasvillisuus koostuneekin l\u00e4hinn\u00e4 pensaista ja maanpeitekasvillisuudesta, jotka joudutaan kuitenkin uusimaan aika ajoin pihakannen tulevien korjausten yhteydess\u00e4. Ei ole kasveille helppoa juurtua t\u00e4llaiseen \u201dluonnottomaan\u201d rakenteeseen minimaalisella kasvualustalla.<\/p>\n\n\n\n<figure data-wp-context=\"{&quot;imageId&quot;:&quot;69f43e9f617f2&quot;}\" data-wp-interactive=\"core\/image\" data-wp-key=\"69f43e9f617f2\" class=\"wp-block-image size-large wp-lightbox-container\"><img loading=\"lazy\" decoding=\"async\" width=\"1024\" height=\"929\" data-wp-class--hide=\"state.isContentHidden\" data-wp-class--show=\"state.isContentVisible\" data-wp-init=\"callbacks.setButtonStyles\" data-wp-on--click=\"actions.showLightbox\" data-wp-on--load=\"callbacks.setButtonStyles\" data-wp-on-window--resize=\"callbacks.setButtonStyles\" src=\"https:\/\/aistimaa.fi\/blog\/wp-content\/uploads\/2025\/10\/tasoesitys-2-1024x929.jpg\" alt=\"\" class=\"wp-image-3337\" srcset=\"https:\/\/aistimaa.fi\/blog\/wp-content\/uploads\/2025\/10\/tasoesitys-2-1024x929.jpg 1024w, https:\/\/aistimaa.fi\/blog\/wp-content\/uploads\/2025\/10\/tasoesitys-2-300x272.jpg 300w, https:\/\/aistimaa.fi\/blog\/wp-content\/uploads\/2025\/10\/tasoesitys-2-768x696.jpg 768w, https:\/\/aistimaa.fi\/blog\/wp-content\/uploads\/2025\/10\/tasoesitys-2-1536x1393.jpg 1536w, https:\/\/aistimaa.fi\/blog\/wp-content\/uploads\/2025\/10\/tasoesitys-2-2048x1857.jpg 2048w\" sizes=\"auto, (max-width: 1024px) 100vw, 1024px\" \/><button\n\t\t\tclass=\"lightbox-trigger\"\n\t\t\ttype=\"button\"\n\t\t\taria-haspopup=\"dialog\"\n\t\t\taria-label=\"Suurenna\"\n\t\t\tdata-wp-init=\"callbacks.initTriggerButton\"\n\t\t\tdata-wp-on--click=\"actions.showLightbox\"\n\t\t\tdata-wp-style--right=\"state.imageButtonRight\"\n\t\t\tdata-wp-style--top=\"state.imageButtonTop\"\n\t\t>\n\t\t\t<svg xmlns=\"http:\/\/www.w3.org\/2000\/svg\" width=\"12\" height=\"12\" fill=\"none\" viewBox=\"0 0 12 12\">\n\t\t\t\t<path fill=\"#fff\" d=\"M2 0a2 2 0 0 0-2 2v2h1.5V2a.5.5 0 0 1 .5-.5h2V0H2Zm2 10.5H2a.5.5 0 0 1-.5-.5V8H0v2a2 2 0 0 0 2 2h2v-1.5ZM8 12v-1.5h2a.5.5 0 0 0 .5-.5V8H12v2a2 2 0 0 1-2 2H8Zm2-12a2 2 0 0 1 2 2v2h-1.5V2a.5.5 0 0 0-.5-.5H8V0h2Z\" \/>\n\t\t\t<\/svg>\n\t\t<\/button><figcaption class=\"wp-element-caption\"><em>Katutason pohjakuvissa Mannerheiminkadun varrelle on osoitettu liiketiloja, sis\u00e4pihan puolelle muutamia asuntoja ja Rihkamakadun suuntaan aputiloja, kuten py\u00f6r\u00e4varastoja ja saunatiloja. Suunnitteluaineistosta muokattu aksonometrinen tasoesitys M. Varpio. <\/em><\/figcaption><\/figure>\n\n\n\n<p><\/p>\n\n\n\n<h2 class=\"wp-block-heading\"><br>Ilme ja identiteetti<\/h2>\n\n\n\n<p>Alustava havainnekuva ei her\u00e4t\u00e4 suuria odotuksia. Rakennus edustaa tavanomaista nykyrakentamista \u2013 pelkistetty\u00e4 ja paikoin yksitoikkoista arkkitehtuuria. Kokonaisuus muistuttaa vahvasti Teboilin tontille aiemmin suunniteltua rakennusta, joskin alkuper\u00e4inen versio oli visuaalisesti hieman vivahteikkaampi. Hopean kortteliin ehdotettu ratkaisu j\u00e4\u00e4 ilmeelt\u00e4\u00e4n vaatimattomaksi: siit\u00e4 puuttuvat yksityiskohdat ja kaupunkitilaa rikastuttavat elementit, jotka voisivat tehd\u00e4 ymp\u00e4rist\u00f6st\u00e4 houkuttelevamman.<\/p>\n\n\n\n<figure data-wp-context=\"{&quot;imageId&quot;:&quot;69f43e9f61ef7&quot;}\" data-wp-interactive=\"core\/image\" data-wp-key=\"69f43e9f61ef7\" class=\"wp-block-image size-large wp-lightbox-container\"><img loading=\"lazy\" decoding=\"async\" width=\"1024\" height=\"642\" data-wp-class--hide=\"state.isContentHidden\" data-wp-class--show=\"state.isContentVisible\" data-wp-init=\"callbacks.setButtonStyles\" data-wp-on--click=\"actions.showLightbox\" data-wp-on--load=\"callbacks.setButtonStyles\" data-wp-on-window--resize=\"callbacks.setButtonStyles\" src=\"https:\/\/aistimaa.fi\/blog\/wp-content\/uploads\/2025\/11\/vrt_teboil_vs_hopea3-1024x642.jpg\" alt=\"\" class=\"wp-image-3422\" srcset=\"https:\/\/aistimaa.fi\/blog\/wp-content\/uploads\/2025\/11\/vrt_teboil_vs_hopea3-1024x642.jpg 1024w, https:\/\/aistimaa.fi\/blog\/wp-content\/uploads\/2025\/11\/vrt_teboil_vs_hopea3-300x188.jpg 300w, https:\/\/aistimaa.fi\/blog\/wp-content\/uploads\/2025\/11\/vrt_teboil_vs_hopea3-768x481.jpg 768w, https:\/\/aistimaa.fi\/blog\/wp-content\/uploads\/2025\/11\/vrt_teboil_vs_hopea3-1536x962.jpg 1536w, https:\/\/aistimaa.fi\/blog\/wp-content\/uploads\/2025\/11\/vrt_teboil_vs_hopea3.jpg 1754w\" sizes=\"auto, (max-width: 1024px) 100vw, 1024px\" \/><button\n\t\t\tclass=\"lightbox-trigger\"\n\t\t\ttype=\"button\"\n\t\t\taria-haspopup=\"dialog\"\n\t\t\taria-label=\"Suurenna\"\n\t\t\tdata-wp-init=\"callbacks.initTriggerButton\"\n\t\t\tdata-wp-on--click=\"actions.showLightbox\"\n\t\t\tdata-wp-style--right=\"state.imageButtonRight\"\n\t\t\tdata-wp-style--top=\"state.imageButtonTop\"\n\t\t>\n\t\t\t<svg xmlns=\"http:\/\/www.w3.org\/2000\/svg\" width=\"12\" height=\"12\" fill=\"none\" viewBox=\"0 0 12 12\">\n\t\t\t\t<path fill=\"#fff\" d=\"M2 0a2 2 0 0 0-2 2v2h1.5V2a.5.5 0 0 1 .5-.5h2V0H2Zm2 10.5H2a.5.5 0 0 1-.5-.5V8H0v2a2 2 0 0 0 2 2h2v-1.5ZM8 12v-1.5h2a.5.5 0 0 0 .5-.5V8H12v2a2 2 0 0 1-2 2H8Zm2-12a2 2 0 0 1 2 2v2h-1.5V2a.5.5 0 0 0-.5-.5H8V0h2Z\" \/>\n\t\t\t<\/svg>\n\t\t<\/button><figcaption class=\"wp-element-caption\"><em>Hopean kortteliin suunniteltu rakennus muistuttaa h\u00e4mment\u00e4v\u00e4n paljon Teboilin tontille suunniteltua rakennusta.<\/em><\/figcaption><\/figure>\n\n\n\n<p>Vaikka rakennus todenn\u00e4k\u00f6isesti toimii hyvin sis\u00e4tiloiltaan ja t\u00e4ytt\u00e4\u00e4 tilaohjelman vaatimukset, sen arkkitehtuuri ei juuri her\u00e4t\u00e4 tunteita tai tarjoa kaupunkilaisille el\u00e4myksi\u00e4. Onneksi ylimm\u00e4n kerroksen kattolyhdyt ja viistetty kattomuoto kevent\u00e4v\u00e4t rakennuksen massaa ja rytmitt\u00e4v\u00e4t ylint\u00e4 kerrosta. Katutasoon sijoitetut liiketilat puolestaan tuovat eloa ymp\u00e4rist\u00f6\u00f6n ja tukevat keskustan kaupunkiel\u00e4m\u00e4\u00e4 \u2013 juuri niin kuin t\u00e4m\u00e4nkaltaisessa sijainnissa kuuluukin.<\/p>\n\n\n\n<h2 class=\"wp-block-heading\"><br><strong>Katujulkisivut ja alueleikkaukset<\/strong><\/h2>\n\n\n\n<figure data-wp-context=\"{&quot;imageId&quot;:&quot;69f43e9f625e6&quot;}\" data-wp-interactive=\"core\/image\" data-wp-key=\"69f43e9f625e6\" class=\"wp-block-image size-large wp-lightbox-container\"><img loading=\"lazy\" decoding=\"async\" width=\"1024\" height=\"236\" data-wp-class--hide=\"state.isContentHidden\" data-wp-class--show=\"state.isContentVisible\" data-wp-init=\"callbacks.setButtonStyles\" data-wp-on--click=\"actions.showLightbox\" data-wp-on--load=\"callbacks.setButtonStyles\" data-wp-on-window--resize=\"callbacks.setButtonStyles\" src=\"https:\/\/aistimaa.fi\/blog\/wp-content\/uploads\/2026\/04\/alueleikkaus_a2-1024x236.jpg\" alt=\"\" class=\"wp-image-3424\" srcset=\"https:\/\/aistimaa.fi\/blog\/wp-content\/uploads\/2026\/04\/alueleikkaus_a2-1024x236.jpg 1024w, https:\/\/aistimaa.fi\/blog\/wp-content\/uploads\/2026\/04\/alueleikkaus_a2-300x69.jpg 300w, https:\/\/aistimaa.fi\/blog\/wp-content\/uploads\/2026\/04\/alueleikkaus_a2-768x177.jpg 768w, https:\/\/aistimaa.fi\/blog\/wp-content\/uploads\/2026\/04\/alueleikkaus_a2-1536x354.jpg 1536w, https:\/\/aistimaa.fi\/blog\/wp-content\/uploads\/2026\/04\/alueleikkaus_a2-2048x472.jpg 2048w\" sizes=\"auto, (max-width: 1024px) 100vw, 1024px\" \/><button\n\t\t\tclass=\"lightbox-trigger\"\n\t\t\ttype=\"button\"\n\t\t\taria-haspopup=\"dialog\"\n\t\t\taria-label=\"Suurenna\"\n\t\t\tdata-wp-init=\"callbacks.initTriggerButton\"\n\t\t\tdata-wp-on--click=\"actions.showLightbox\"\n\t\t\tdata-wp-style--right=\"state.imageButtonRight\"\n\t\t\tdata-wp-style--top=\"state.imageButtonTop\"\n\t\t>\n\t\t\t<svg xmlns=\"http:\/\/www.w3.org\/2000\/svg\" width=\"12\" height=\"12\" fill=\"none\" viewBox=\"0 0 12 12\">\n\t\t\t\t<path fill=\"#fff\" d=\"M2 0a2 2 0 0 0-2 2v2h1.5V2a.5.5 0 0 1 .5-.5h2V0H2Zm2 10.5H2a.5.5 0 0 1-.5-.5V8H0v2a2 2 0 0 0 2 2h2v-1.5ZM8 12v-1.5h2a.5.5 0 0 0 .5-.5V8H12v2a2 2 0 0 1-2 2H8Zm2-12a2 2 0 0 1 2 2v2h-1.5V2a.5.5 0 0 0-.5-.5H8V0h2Z\" \/>\n\t\t\t<\/svg>\n\t\t<\/button><\/figure>\n\n\n\n<p><strong>(a)<\/strong> <strong>Mannerheiminkadun puolella<\/strong> kattokorkeuksissa tapahtuu korttelin sis\u00e4inen hypp\u00e4ys, kun rakennusten korkeus muuttuu yksikerroksisesta puutalosta viisikerroksiseen uudisrakennukseen. Rakennuksen p\u00e4\u00e4tysein\u00e4 on harjakorkeuteen saakka tasaista pintaa, mik\u00e4 korostaa korkeuskontrastia (ks. havainnekuva alempaa). Olisiko siin\u00e4 voinut muiden kattokulmien mukaisesti harkita my\u00f6s jonkinlaista viistett\u00e4, joka pehment\u00e4isi vaikutelmaa?<\/p>\n\n\n\n<figure data-wp-context=\"{&quot;imageId&quot;:&quot;69f43e9f62c63&quot;}\" data-wp-interactive=\"core\/image\" data-wp-key=\"69f43e9f62c63\" class=\"wp-block-image size-large wp-lightbox-container\"><img loading=\"lazy\" decoding=\"async\" width=\"1024\" height=\"236\" data-wp-class--hide=\"state.isContentHidden\" data-wp-class--show=\"state.isContentVisible\" data-wp-init=\"callbacks.setButtonStyles\" data-wp-on--click=\"actions.showLightbox\" data-wp-on--load=\"callbacks.setButtonStyles\" data-wp-on-window--resize=\"callbacks.setButtonStyles\" src=\"https:\/\/aistimaa.fi\/blog\/wp-content\/uploads\/2026\/04\/alueleikkaus_b2-1024x236.jpg\" alt=\"\" class=\"wp-image-3425\" srcset=\"https:\/\/aistimaa.fi\/blog\/wp-content\/uploads\/2026\/04\/alueleikkaus_b2-1024x236.jpg 1024w, https:\/\/aistimaa.fi\/blog\/wp-content\/uploads\/2026\/04\/alueleikkaus_b2-300x69.jpg 300w, https:\/\/aistimaa.fi\/blog\/wp-content\/uploads\/2026\/04\/alueleikkaus_b2-768x177.jpg 768w, https:\/\/aistimaa.fi\/blog\/wp-content\/uploads\/2026\/04\/alueleikkaus_b2-1536x354.jpg 1536w, https:\/\/aistimaa.fi\/blog\/wp-content\/uploads\/2026\/04\/alueleikkaus_b2-2048x472.jpg 2048w\" sizes=\"auto, (max-width: 1024px) 100vw, 1024px\" \/><button\n\t\t\tclass=\"lightbox-trigger\"\n\t\t\ttype=\"button\"\n\t\t\taria-haspopup=\"dialog\"\n\t\t\taria-label=\"Suurenna\"\n\t\t\tdata-wp-init=\"callbacks.initTriggerButton\"\n\t\t\tdata-wp-on--click=\"actions.showLightbox\"\n\t\t\tdata-wp-style--right=\"state.imageButtonRight\"\n\t\t\tdata-wp-style--top=\"state.imageButtonTop\"\n\t\t>\n\t\t\t<svg xmlns=\"http:\/\/www.w3.org\/2000\/svg\" width=\"12\" height=\"12\" fill=\"none\" viewBox=\"0 0 12 12\">\n\t\t\t\t<path fill=\"#fff\" d=\"M2 0a2 2 0 0 0-2 2v2h1.5V2a.5.5 0 0 1 .5-.5h2V0H2Zm2 10.5H2a.5.5 0 0 1-.5-.5V8H0v2a2 2 0 0 0 2 2h2v-1.5ZM8 12v-1.5h2a.5.5 0 0 0 .5-.5V8H12v2a2 2 0 0 1-2 2H8Zm2-12a2 2 0 0 1 2 2v2h-1.5V2a.5.5 0 0 0-.5-.5H8V0h2Z\" \/>\n\t\t\t<\/svg>\n\t\t<\/button><\/figure>\n\n\n\n<p><strong>(b)<\/strong> <strong>Rauhankadun puolella<\/strong> kattolinjat vaikuttavat sulavammilta. Korkeudet laskeutuvat Mannerheiminkadun etel\u00e4puolisen rakennuksen seitsem\u00e4st\u00e4 kerroksesta uudisrakennuksen viiteen ja nelj\u00e4\u00e4n kerrokseen ja edelleen Rihkamakadun pohjoispuolella kahteen kerrokseen. Vaikka nelj\u00e4n kerroksen korkeus poikkeaa Rihkamakadun puurakennuksen kahden kerroksen korkeudesta, Rauhankatu nousee reilusti pohjoista kohden tasoittaen korkeuseroa, jolloin ero j\u00e4\u00e4 k\u00e4yt\u00e4nn\u00f6ss\u00e4 yhden kerroksen korkuiseksi.<\/p>\n\n\n\n<figure data-wp-context=\"{&quot;imageId&quot;:&quot;69f43e9f63319&quot;}\" data-wp-interactive=\"core\/image\" data-wp-key=\"69f43e9f63319\" class=\"wp-block-image size-large wp-lightbox-container\"><img loading=\"lazy\" decoding=\"async\" width=\"1024\" height=\"236\" data-wp-class--hide=\"state.isContentHidden\" data-wp-class--show=\"state.isContentVisible\" data-wp-init=\"callbacks.setButtonStyles\" data-wp-on--click=\"actions.showLightbox\" data-wp-on--load=\"callbacks.setButtonStyles\" data-wp-on-window--resize=\"callbacks.setButtonStyles\" src=\"https:\/\/aistimaa.fi\/blog\/wp-content\/uploads\/2026\/04\/alueleikkaus_c2-1024x236.jpg\" alt=\"\" class=\"wp-image-3426\" srcset=\"https:\/\/aistimaa.fi\/blog\/wp-content\/uploads\/2026\/04\/alueleikkaus_c2-1024x236.jpg 1024w, https:\/\/aistimaa.fi\/blog\/wp-content\/uploads\/2026\/04\/alueleikkaus_c2-300x69.jpg 300w, https:\/\/aistimaa.fi\/blog\/wp-content\/uploads\/2026\/04\/alueleikkaus_c2-768x177.jpg 768w, https:\/\/aistimaa.fi\/blog\/wp-content\/uploads\/2026\/04\/alueleikkaus_c2-1536x354.jpg 1536w, https:\/\/aistimaa.fi\/blog\/wp-content\/uploads\/2026\/04\/alueleikkaus_c2-2048x472.jpg 2048w\" sizes=\"auto, (max-width: 1024px) 100vw, 1024px\" \/><button\n\t\t\tclass=\"lightbox-trigger\"\n\t\t\ttype=\"button\"\n\t\t\taria-haspopup=\"dialog\"\n\t\t\taria-label=\"Suurenna\"\n\t\t\tdata-wp-init=\"callbacks.initTriggerButton\"\n\t\t\tdata-wp-on--click=\"actions.showLightbox\"\n\t\t\tdata-wp-style--right=\"state.imageButtonRight\"\n\t\t\tdata-wp-style--top=\"state.imageButtonTop\"\n\t\t>\n\t\t\t<svg xmlns=\"http:\/\/www.w3.org\/2000\/svg\" width=\"12\" height=\"12\" fill=\"none\" viewBox=\"0 0 12 12\">\n\t\t\t\t<path fill=\"#fff\" d=\"M2 0a2 2 0 0 0-2 2v2h1.5V2a.5.5 0 0 1 .5-.5h2V0H2Zm2 10.5H2a.5.5 0 0 1-.5-.5V8H0v2a2 2 0 0 0 2 2h2v-1.5ZM8 12v-1.5h2a.5.5 0 0 0 .5-.5V8H12v2a2 2 0 0 1-2 2H8Zm2-12a2 2 0 0 1 2 2v2h-1.5V2a.5.5 0 0 0-.5-.5H8V0h2Z\" \/>\n\t\t\t<\/svg>\n\t\t<\/button><\/figure>\n\n\n\n<p><strong>(c)<\/strong> <strong>Rihkamakadun puoleisessa<\/strong> julkisivussa huomiota her\u00e4tt\u00e4v\u00e4t matalat, yksikerroksiset apurakennukset, jotka poikkeavat mittakaavaltaan ja ulkoiselta olemukseltaan sek\u00e4 p\u00e4\u00e4rakennuksesta ett\u00e4 muusta ymp\u00e4rist\u00f6st\u00e4. Lis\u00e4ksi matalien rakennusten v\u00e4lit j\u00e4\u00e4v\u00e4t avoimiksi, joka avaa n\u00e4kym\u00e4t korttelin sis\u00e4lle. Tietyiss\u00e4 tapauksissa t\u00e4m\u00e4 voisi olla hyv\u00e4 asia, mutta t\u00e4ss\u00e4 tapauksessa huomattavasti massiivisempi p\u00e4\u00e4rakennus nousee turhankin paljon esiin ja muodostaa pys\u00e4ytt\u00e4v\u00e4n reunuksen Vanhan Porvoon kaupunkirakenteelle.<\/p>\n\n\n\n<h2 class=\"wp-block-heading\"><br><strong>Kaupunkikuva<\/strong><\/h2>\n\n\n\n<p>Mannerheiminkadun puolelta laadittujen havainnekuvien perusteella uudisrakennus n\u00e4ytt\u00e4\u00e4 asettuvan ymp\u00e4r\u00f6iv\u00e4\u00e4n kaupunkirakenteeseen kohtuullisen hyvin \u2013 sek\u00e4 korkeuden ett\u00e4 arkkitehtonisen ilmeen osalta. Silmiin osuu kuitenkin selv\u00e4 mittakaavaero suojellun, yksikerroksisen puurakennuksen ja uudisrakennuksen viist\u00e4m\u00e4tt\u00f6m\u00e4n p\u00e4\u00e4dyn v\u00e4lill\u00e4, mik\u00e4 tekee siirtym\u00e4st\u00e4 ymp\u00e4rist\u00f6n kannalta hieman jyrk\u00e4n.<\/p>\n\n\n\n<figure data-wp-context=\"{&quot;imageId&quot;:&quot;69f43e9f63aa8&quot;}\" data-wp-interactive=\"core\/image\" data-wp-key=\"69f43e9f63aa8\" class=\"wp-block-image size-large is-style-default wp-lightbox-container\"><img loading=\"lazy\" decoding=\"async\" width=\"1024\" height=\"397\" data-wp-class--hide=\"state.isContentHidden\" data-wp-class--show=\"state.isContentVisible\" data-wp-init=\"callbacks.setButtonStyles\" data-wp-on--click=\"actions.showLightbox\" data-wp-on--load=\"callbacks.setButtonStyles\" data-wp-on-window--resize=\"callbacks.setButtonStyles\" src=\"https:\/\/aistimaa.fi\/blog\/wp-content\/uploads\/2026\/04\/nakyma_1-2b-1024x397.jpg\" alt=\"\" class=\"wp-image-3427\" srcset=\"https:\/\/aistimaa.fi\/blog\/wp-content\/uploads\/2026\/04\/nakyma_1-2b-1024x397.jpg 1024w, https:\/\/aistimaa.fi\/blog\/wp-content\/uploads\/2026\/04\/nakyma_1-2b-300x116.jpg 300w, https:\/\/aistimaa.fi\/blog\/wp-content\/uploads\/2026\/04\/nakyma_1-2b-768x298.jpg 768w, https:\/\/aistimaa.fi\/blog\/wp-content\/uploads\/2026\/04\/nakyma_1-2b-1536x596.jpg 1536w, https:\/\/aistimaa.fi\/blog\/wp-content\/uploads\/2026\/04\/nakyma_1-2b.jpg 1866w\" sizes=\"auto, (max-width: 1024px) 100vw, 1024px\" \/><button\n\t\t\tclass=\"lightbox-trigger\"\n\t\t\ttype=\"button\"\n\t\t\taria-haspopup=\"dialog\"\n\t\t\taria-label=\"Suurenna\"\n\t\t\tdata-wp-init=\"callbacks.initTriggerButton\"\n\t\t\tdata-wp-on--click=\"actions.showLightbox\"\n\t\t\tdata-wp-style--right=\"state.imageButtonRight\"\n\t\t\tdata-wp-style--top=\"state.imageButtonTop\"\n\t\t>\n\t\t\t<svg xmlns=\"http:\/\/www.w3.org\/2000\/svg\" width=\"12\" height=\"12\" fill=\"none\" viewBox=\"0 0 12 12\">\n\t\t\t\t<path fill=\"#fff\" d=\"M2 0a2 2 0 0 0-2 2v2h1.5V2a.5.5 0 0 1 .5-.5h2V0H2Zm2 10.5H2a.5.5 0 0 1-.5-.5V8H0v2a2 2 0 0 0 2 2h2v-1.5ZM8 12v-1.5h2a.5.5 0 0 0 .5-.5V8H12v2a2 2 0 0 1-2 2H8Zm2-12a2 2 0 0 1 2 2v2h-1.5V2a.5.5 0 0 0-.5-.5H8V0h2Z\" \/>\n\t\t\t<\/svg>\n\t\t<\/button><figcaption class=\"wp-element-caption\"><em>Kuvat: Suunnitteluaineisto<\/em><\/figcaption><\/figure>\n\n\n\n<h2 class=\"wp-block-heading\"><strong>Rihkamakadun puoleinen sivu<\/strong><\/h2>\n\n\n\n<p>Korttelin haastavin n\u00e4kym\u00e4suunta avautuu Rihkamakadulle, miss\u00e4 uudisrakennus rajautuu suoraan Vanhan Porvoon mataliin, suojeltuihin puutaloihin \u2013 osaksi kaupungin arvokkainta historiallista rakennetta. Pohjoisreunaan sijoitetut yksikerroksiset puurakennukset ovat jopa pienempi\u00e4 kuin vastapuolen talot, ja niiden takaa kohoava korkeampi rakennusmassa muodostaa voimakkaan kontrastin ymp\u00e4rist\u00f6\u00f6ns\u00e4. Lopputuloksena syntyy ep\u00e4tasapainoinen n\u00e4kym\u00e4, jossa mittakaavaero korostuu ja korttelin sis\u00e4inen luonne j\u00e4\u00e4 ristiriitaiseksi.<\/p>\n\n\n\n<figure data-wp-context=\"{&quot;imageId&quot;:&quot;69f43e9f641f7&quot;}\" data-wp-interactive=\"core\/image\" data-wp-key=\"69f43e9f641f7\" class=\"wp-block-image size-large wp-lightbox-container\"><img loading=\"lazy\" decoding=\"async\" width=\"1024\" height=\"610\" data-wp-class--hide=\"state.isContentHidden\" data-wp-class--show=\"state.isContentVisible\" data-wp-init=\"callbacks.setButtonStyles\" data-wp-on--click=\"actions.showLightbox\" data-wp-on--load=\"callbacks.setButtonStyles\" data-wp-on-window--resize=\"callbacks.setButtonStyles\" src=\"https:\/\/aistimaa.fi\/blog\/wp-content\/uploads\/2026\/04\/Nakyma_Rihkamakatu2-1024x610.jpg\" alt=\"\" class=\"wp-image-3428\" srcset=\"https:\/\/aistimaa.fi\/blog\/wp-content\/uploads\/2026\/04\/Nakyma_Rihkamakatu2-1024x610.jpg 1024w, https:\/\/aistimaa.fi\/blog\/wp-content\/uploads\/2026\/04\/Nakyma_Rihkamakatu2-300x179.jpg 300w, https:\/\/aistimaa.fi\/blog\/wp-content\/uploads\/2026\/04\/Nakyma_Rihkamakatu2-768x458.jpg 768w, https:\/\/aistimaa.fi\/blog\/wp-content\/uploads\/2026\/04\/Nakyma_Rihkamakatu2-1536x915.jpg 1536w, https:\/\/aistimaa.fi\/blog\/wp-content\/uploads\/2026\/04\/Nakyma_Rihkamakatu2.jpg 1638w\" sizes=\"auto, (max-width: 1024px) 100vw, 1024px\" \/><button\n\t\t\tclass=\"lightbox-trigger\"\n\t\t\ttype=\"button\"\n\t\t\taria-haspopup=\"dialog\"\n\t\t\taria-label=\"Suurenna\"\n\t\t\tdata-wp-init=\"callbacks.initTriggerButton\"\n\t\t\tdata-wp-on--click=\"actions.showLightbox\"\n\t\t\tdata-wp-style--right=\"state.imageButtonRight\"\n\t\t\tdata-wp-style--top=\"state.imageButtonTop\"\n\t\t>\n\t\t\t<svg xmlns=\"http:\/\/www.w3.org\/2000\/svg\" width=\"12\" height=\"12\" fill=\"none\" viewBox=\"0 0 12 12\">\n\t\t\t\t<path fill=\"#fff\" d=\"M2 0a2 2 0 0 0-2 2v2h1.5V2a.5.5 0 0 1 .5-.5h2V0H2Zm2 10.5H2a.5.5 0 0 1-.5-.5V8H0v2a2 2 0 0 0 2 2h2v-1.5ZM8 12v-1.5h2a.5.5 0 0 0 .5-.5V8H12v2a2 2 0 0 1-2 2H8Zm2-12a2 2 0 0 1 2 2v2h-1.5V2a.5.5 0 0 0-.5-.5H8V0h2Z\" \/>\n\t\t\t<\/svg>\n\t\t<\/button><figcaption class=\"wp-element-caption\"><em>N\u00e4kym\u00e4 Rihkamakadun puolelta. Kuva: Suunnitteluaineisto<\/em><\/figcaption><\/figure>\n\n\n\n<p>Aiemmissa, toisen rakennusyhti\u00f6n laatimissa suunnitelmissa Rihkamakadun varteen oli hahmoteltu kaksikerroksisia townhouse-tyyppisi\u00e4 rakennuksia, jotka olisivat mittasuhteiltaan sopineet paremmin ymp\u00e4rist\u00f6\u00f6n ja samalla suojanneet n\u00e4kymi\u00e4 korttelin sis\u00e4osiin. Nyt esitetty ratkaisu on madallettu yksikerroksiseksi, mik\u00e4 j\u00e4tt\u00e4\u00e4 alueen avoimeksi ja tuo korttelin mittasuhteiden ep\u00e4tasapainon entist\u00e4 selvemmin esiin.<\/p>\n\n\n\n<p>Maanalaiseen parkkihalliin kulkevan ajoluiskan suojaksi on esitetty matalaa ja yksinkertaista rakennusta, jonka ainoa teht\u00e4v\u00e4 lienee peitt\u00e4\u00e4 ajoluiska. Mit\u00e4\u00e4n muuta se ei sitten peit\u00e4k\u00e4\u00e4n. Korkea kerrostalo korttelin etel\u00e4reunalla n\u00e4kyy autokatoksen ylitse pelottavan julkeasti my\u00f6s vanhan Porvoon suuntaan.<\/p>\n\n\n\n<p>Ongelma ei ole puurakenteen yksinkertaisuudessa, vaan massoittelun aneemisuudessa. Rihkamakadun varteen sopisi hyvin kaksikerroksinen, osin asuink\u00e4ytt\u00f6\u00f6n tarkoitettu rakennus \u2013 mittakaavallisesti sellainen toimisi viel\u00e4 varsin hyvin ymp\u00e4rist\u00f6ns\u00e4 kanssa. Samalla se peitt\u00e4isi paremmin korttelin toisella reunalla olevaa, massiivisempaa viisikerroksista rakennusta, jolloin kortteli ei tuntuisi niin hy\u00f6kk\u00e4\u00e4v\u00e4lt\u00e4 Vanhan Porvoon suuntaan.<\/p>\n\n\n\n<h2 class=\"wp-block-heading\"><br><strong>Tasapainon etsint\u00e4\u00e4<\/strong><\/h2>\n\n\n\n<p>Ei ole helppoa suunnitella kokonaisuutta, joka istuisi yht\u00e4 aikaa valtav\u00e4yl\u00e4n, Empirekaupungin ja Vanhan Porvoon katukuvaan. Hopean kortteli sijaitsee kuin kolmen eri maailman rajapinnassa: modernin kaupunkirakenteen, 1800-luvun empiremilj\u00f6\u00f6n ja keskiaikaisen kaupunkikudoksen v\u00e4liss\u00e4. Juuri t\u00e4m\u00e4 tekee paikasta poikkeuksellisen herk\u00e4n, mutta samalla ainutlaatuisen mahdollisuuden osoittaa, ett\u00e4 uudisrakentaminen ja historiallinen ymp\u00e4rist\u00f6 voivat t\u00e4ydent\u00e4\u00e4 toisiaan \u2013 ei kilpailla kesken\u00e4\u00e4n.<\/p>\n\n\n\n<p>Onnistumisen avain piilee ennen kaikkea mittakaavassa, materiaalivalinnoissa ja rakennusten j\u00e4sentelyss\u00e4. Rakennusten rytmi, ikkuna-aukotukset, kattomuodot ja julkisivujen pinnanvaihtelut voivat luoda hienovaraista yhteytt\u00e4 ymp\u00e4r\u00f6iv\u00e4\u00e4n kaupunkirakenteeseen. Bonavan esitt\u00e4miss\u00e4 suunnitelmissa on n\u00e4ht\u00e4viss\u00e4 yritys sovittaa suuri rakennusmassa vaikeaan ymp\u00e4rist\u00f6\u00f6n niin, ett\u00e4 lopputulos olisi kohtuullinen, mutta ratkaisu j\u00e4\u00e4 paikoin ep\u00e4tasapainoiseksi. Erityisesti Rihkamakadun suunta kaipaisi harkitumpaa mittakaavan sovittamista. Todellinen onnistuminen edellytt\u00e4\u00e4, ett\u00e4 kokonaisuus tunnistaa ymp\u00e4rist\u00f6ns\u00e4 herkkyyden ja vastaa siihen laadulla, ei kompromisseilla.<\/p>\n\n\n\n<h2 class=\"wp-block-heading\"><strong><br>Rima korkealle<\/strong><\/h2>\n\n\n\n<p>Moni saattaa ajatella, ett\u00e4 mik\u00e4 tahansa uusi rakennus on parannus nykyiseen purkukuntoiseen Hellbergin taloon verrattuna. Silti paikka on niin merkitt\u00e4v\u00e4 ja n\u00e4kyv\u00e4, ettei siihen voida hyv\u00e4ksy\u00e4 millaista ratkaisua hyv\u00e4ns\u00e4.<\/p>\n\n\n\n<p><strong>Rima on pidett\u00e4v\u00e4 korkealla \u2013 arkkitehtonisesti, toiminnallisesti ja kaupunkikuvallisesti.<\/strong><\/p>\n\n\n\n<p><a href=\"https:\/\/www.porvoo.fi\/asuminen-ymparisto\/kaavoitus\/asemakaavat\/ak-565-kortteli-18\/\">Kaaavaluonnos on n\u00e4ht\u00e4vill\u00e4 29.4.-29.5.2026<\/a>, ja kaupunkilaisilla on nyt tilaisuus vaikuttaa siihen, millaiseksi uusi kortteli keskustassa muotoutuu. Nyt on t\u00e4rke\u00e4 hetki osallistua ja tuoda oma mielipide julki.<\/p>\n\n\n\n<hr class=\"wp-block-separator has-alpha-channel-opacity\"\/>\n\n\n\n<p><strong>L\u00e4hteet:<\/strong><\/p>\n\n\n\n<p>AK 656 Kortteli 18 \u2013 Aineistot Porvoon kaupungin sivuilla<br><a href=\"https:\/\/www.porvoo.fi\/asuminen-ymparisto\/kaavoitus\/asemakaavat\/ak-565-kortteli-18\/\" target=\"_blank\" rel=\"noreferrer noopener\">https:\/\/www.porvoo.fi\/asuminen-ymparisto\/kaavoitus\/asemakaavat\/ak-565-kortteli-18\/<\/a><\/p>\n\n\n\n<p><\/p>\n\n\n\n<p><\/p>\n","protected":false},"excerpt":{"rendered":"<p>Porvoon valtav\u00e4yl\u00e4n varrella on jo pitk\u00e4\u00e4n jouduttu seuraamaan Hopean korttelin hidasta rapistumista. Hellbergin talo on vuosien ajan noussut keskusteluissa esimerkiksi keskustan alennustilasta ja rappiotalojen ongelmista. Nyt ilmassa on kuitenkin merkkej\u00e4 muutoksesta: kiinteist\u00f6nomistaja on l\u00e4htenyt viem\u00e4\u00e4n korttelin kehitt\u00e4miseen t\u00e4ht\u00e4\u00e4v\u00e4\u00e4 hanketta eteenp\u00e4in ja asemakaavamuutos on valmistelussa. L\u00e4ht\u00f6kohtana on suunnitelma, joka toisi tontille runsaasti lis\u00e4\u00e4 kerrosneli\u00f6it\u00e4 ja pari [&hellip;]<\/p>\n","protected":false},"author":1,"featured_media":3432,"comment_status":"open","ping_status":"open","sticky":false,"template":"","format":"standard","meta":{"_lmt_disableupdate":"","_lmt_disable":"","ocean_post_layout":"","ocean_both_sidebars_style":"","ocean_both_sidebars_content_width":0,"ocean_both_sidebars_sidebars_width":0,"ocean_sidebar":"","ocean_second_sidebar":"","ocean_disable_margins":"enable","ocean_add_body_class":"","ocean_shortcode_before_top_bar":"","ocean_shortcode_after_top_bar":"","ocean_shortcode_before_header":"","ocean_shortcode_after_header":"","ocean_has_shortcode":"","ocean_shortcode_after_title":"","ocean_shortcode_before_footer_widgets":"","ocean_shortcode_after_footer_widgets":"","ocean_shortcode_before_footer_bottom":"","ocean_shortcode_after_footer_bottom":"","ocean_display_top_bar":"default","ocean_display_header":"default","ocean_header_style":"","ocean_center_header_left_menu":"","ocean_custom_header_template":"","ocean_custom_logo":3432,"ocean_custom_retina_logo":3432,"ocean_custom_logo_max_width":0,"ocean_custom_logo_tablet_max_width":0,"ocean_custom_logo_mobile_max_width":0,"ocean_custom_logo_max_height":0,"ocean_custom_logo_tablet_max_height":0,"ocean_custom_logo_mobile_max_height":0,"ocean_header_custom_menu":"","ocean_menu_typo_font_family":"","ocean_menu_typo_font_subset":"","ocean_menu_typo_font_size":0,"ocean_menu_typo_font_size_tablet":0,"ocean_menu_typo_font_size_mobile":0,"ocean_menu_typo_font_size_unit":"px","ocean_menu_typo_font_weight":"","ocean_menu_typo_font_weight_tablet":"","ocean_menu_typo_font_weight_mobile":"","ocean_menu_typo_transform":"","ocean_menu_typo_transform_tablet":"","ocean_menu_typo_transform_mobile":"","ocean_menu_typo_line_height":0,"ocean_menu_typo_line_height_tablet":0,"ocean_menu_typo_line_height_mobile":0,"ocean_menu_typo_line_height_unit":"","ocean_menu_typo_spacing":0,"ocean_menu_typo_spacing_tablet":0,"ocean_menu_typo_spacing_mobile":0,"ocean_menu_typo_spacing_unit":"","ocean_menu_link_color":"","ocean_menu_link_color_hover":"","ocean_menu_link_color_active":"","ocean_menu_link_background":"","ocean_menu_link_hover_background":"","ocean_menu_link_active_background":"","ocean_menu_social_links_bg":"","ocean_menu_social_hover_links_bg":"","ocean_menu_social_links_color":"","ocean_menu_social_hover_links_color":"","ocean_disable_title":"default","ocean_disable_heading":"default","ocean_post_title":"PORVOON MAISEMISSA","ocean_post_subheading":"Kaupunkikehitykseen liittyvi\u00e4 ajankohtaisia n\u00e4k\u00f6kulmia","ocean_post_title_style":"","ocean_post_title_background_color":"","ocean_post_title_background":0,"ocean_post_title_bg_image_position":"","ocean_post_title_bg_image_attachment":"","ocean_post_title_bg_image_repeat":"","ocean_post_title_bg_image_size":"","ocean_post_title_height":0,"ocean_post_title_bg_overlay":0.5,"ocean_post_title_bg_overlay_color":"","ocean_disable_breadcrumbs":"default","ocean_breadcrumbs_color":"","ocean_breadcrumbs_separator_color":"","ocean_breadcrumbs_links_color":"","ocean_breadcrumbs_links_hover_color":"","ocean_display_footer_widgets":"default","ocean_display_footer_bottom":"default","ocean_custom_footer_template":"","ocean_post_oembed":"","ocean_post_self_hosted_media":"","ocean_post_video_embed":"","ocean_link_format":"","ocean_link_format_target":"self","ocean_quote_format":"","ocean_quote_format_link":"post","ocean_gallery_link_images":"on","ocean_gallery_id":[],"footnotes":""},"categories":[138,207,64,65,63],"tags":[305,52,94,6,32,164,241,33,203,199,315,127,192,319,144,109,70,142,50,75,9],"class_list":["post-3134","post","type-post","status-publish","format-standard","has-post-thumbnail","hentry","category-historia","category-kaavoitus","category-kaupunkikehitys","category-kulttuuri","category-rakennukset","tag-habitus","tag-historia","tag-hopean-kortteli","tag-identiteetti","tag-kaupunkikuva","tag-kaupunkisuunnittelu","tag-kaupunkitila","tag-kaupunkiymparisto","tag-kerroskorkeus","tag-kontrasti","tag-koristeellisuus","tag-korkeuskontrasti","tag-maine","tag-massoittelu","tag-mittakaava","tag-omaleimaisuus","tag-rakennus","tag-rakennustyyli","tag-vanha-kaupunki","tag-vanha-porvoo","tag-vetovoima","entry","has-media"],"modified_by":"Mika Varpio","_links":{"self":[{"href":"https:\/\/aistimaa.fi\/blog\/wp-json\/wp\/v2\/posts\/3134","targetHints":{"allow":["GET"]}}],"collection":[{"href":"https:\/\/aistimaa.fi\/blog\/wp-json\/wp\/v2\/posts"}],"about":[{"href":"https:\/\/aistimaa.fi\/blog\/wp-json\/wp\/v2\/types\/post"}],"author":[{"embeddable":true,"href":"https:\/\/aistimaa.fi\/blog\/wp-json\/wp\/v2\/users\/1"}],"replies":[{"embeddable":true,"href":"https:\/\/aistimaa.fi\/blog\/wp-json\/wp\/v2\/comments?post=3134"}],"version-history":[{"count":117,"href":"https:\/\/aistimaa.fi\/blog\/wp-json\/wp\/v2\/posts\/3134\/revisions"}],"predecessor-version":[{"id":3443,"href":"https:\/\/aistimaa.fi\/blog\/wp-json\/wp\/v2\/posts\/3134\/revisions\/3443"}],"wp:featuredmedia":[{"embeddable":true,"href":"https:\/\/aistimaa.fi\/blog\/wp-json\/wp\/v2\/media\/3432"}],"wp:attachment":[{"href":"https:\/\/aistimaa.fi\/blog\/wp-json\/wp\/v2\/media?parent=3134"}],"wp:term":[{"taxonomy":"category","embeddable":true,"href":"https:\/\/aistimaa.fi\/blog\/wp-json\/wp\/v2\/categories?post=3134"},{"taxonomy":"post_tag","embeddable":true,"href":"https:\/\/aistimaa.fi\/blog\/wp-json\/wp\/v2\/tags?post=3134"}],"curies":[{"name":"wp","href":"https:\/\/api.w.org\/{rel}","templated":true}]}}